{"id":5967,"date":"2025-08-22T16:59:21","date_gmt":"2025-08-22T16:59:21","guid":{"rendered":"https:\/\/www.microstore.app\/crear-una-marca-de-moda-etica-por-donde-empezar\/"},"modified":"2025-08-25T17:42:42","modified_gmt":"2025-08-25T17:42:42","slug":"crear-una-marca-de-moda-etica-por-donde-empezar","status":"publish","type":"post","link":"https:\/\/www.microstore.app\/es\/crear-una-marca-de-moda-etica-por-donde-empezar\/","title":{"rendered":"Crear una marca de moda \u00e9tica: \u00bfpor d\u00f3nde empezar?"},"content":{"rendered":"&#13;\n<p>Lanzar una <b>marca de moda \u00e9tica<\/b> es un proyecto tan ambicioso como significativo. Con unos consumidores cada vez m\u00e1s sensibles a las cuestiones medioambientales y sociales, el mundo de la <b>moda<\/b> sostenible ofrece verdaderas oportunidades a los empresarios visionarios. <\/p>&#13;\n&#13;\n<p>La conciencia colectiva, las nuevas normativas europeas y la aparici\u00f3n de una generaci\u00f3n comprometida est\u00e1n cambiando profundamente el comportamiento de compra. Pero transformar una idea en un negocio viable requiere mucho m\u00e1s que buenas intenciones. Necesitas una estrategia clara, las herramientas adecuadas y, sobre todo, una hoja de ruta realista.  <\/p>&#13;\n&#13;\n<p>Pero en t\u00e9rminos pr\u00e1cticos, <b>\u00bfpor d\u00f3nde empezar?<\/b> \u00bfCu\u00e1les son los primeros pasos que debes dar para crear una <b>marca de ropa responsable<\/b> que combine estilo, compromiso y viabilidad econ\u00f3mica? Esta completa gu\u00eda te ofrece una hoja de ruta clara para sentar unas bases s\u00f3lidas y construir un proyecto acorde con tus valores. <\/p>&#13;\n&#13;\n<h2 class=\"wp-block-heading\"><b>1. Replantea tu modelo de fabricaci\u00f3n desde la fase de dise\u00f1o<\/b><\/h2>&#13;\n&#13;\n<figure class=\"wp-block-image size-large\"><img fetchpriority=\"high\" decoding=\"async\" width=\"2048\" height=\"1366\" class=\"wp-image-5857\" src=\"https:\/\/www.microstore.app\/wp-content\/uploads\/2025\/08\/une-femme-est-debout-devant-une-table-en-bois-elle-trie-des-v-tements-issus-du-circuit-court-et-r-duit-en-gaspillage-pour-r-duire-l-empreinte-environnementale-de-sa-collection.jpeg\" alt=\"Una mujer est&#xE1; de pie delante de una mesa de madera. Est&#xE1; clasificando la ropa del cortocircuito y reduciendo los residuos para disminuir la huella medioambiental de su colecci&#xF3;n. \" srcset=\"https:\/\/www.microstore.app\/wp-content\/uploads\/2025\/08\/une-femme-est-debout-devant-une-table-en-bois-elle-trie-des-v-tements-issus-du-circuit-court-et-r-duit-en-gaspillage-pour-r-duire-l-empreinte-environnementale-de-sa-collection.jpeg 2048w, https:\/\/www.microstore.app\/wp-content\/uploads\/2025\/08\/une-femme-est-debout-devant-une-table-en-bois-elle-trie-des-v-tements-issus-du-circuit-court-et-r-duit-en-gaspillage-pour-r-duire-l-empreinte-environnementale-de-sa-collection-300x200.jpeg 300w, https:\/\/www.microstore.app\/wp-content\/uploads\/2025\/08\/une-femme-est-debout-devant-une-table-en-bois-elle-trie-des-v-tements-issus-du-circuit-court-et-r-duit-en-gaspillage-pour-r-duire-l-empreinte-environnementale-de-sa-collection-1024x683.jpeg 1024w, https:\/\/www.microstore.app\/wp-content\/uploads\/2025\/08\/une-femme-est-debout-devant-une-table-en-bois-elle-trie-des-v-tements-issus-du-circuit-court-et-r-duit-en-gaspillage-pour-r-duire-l-empreinte-environnementale-de-sa-collection-768x512.jpeg 768w, https:\/\/www.microstore.app\/wp-content\/uploads\/2025\/08\/une-femme-est-debout-devant-une-table-en-bois-elle-trie-des-v-tements-issus-du-circuit-court-et-r-duit-en-gaspillage-pour-r-duire-l-empreinte-environnementale-de-sa-collection-1536x1025.jpeg 1536w\" sizes=\"(max-width: 2048px) 100vw, 2048px\" \/><\/figure>&#13;\n&#13;\n<p>En lugar de a\u00f1adir una dimensi\u00f3n \u00abverde\u00bb a un proceso existente, una marca de moda \u00e9tica debe replantearse su modelo de producci\u00f3n desde el principio. Esto significa integrar el ecodise\u00f1o en el coraz\u00f3n del desarrollo del producto: limitar los pasos innecesarios, favorecer las cadenas de suministro cortas y reducir los residuos desde la fase de dise\u00f1o. <\/p>&#13;\n&#13;\n<p>Tambi\u00e9n significa trabajar con talleres que compartan tus valores en cuanto a condiciones laborales y transparencia. Integrar procesos de bajo impacto, automatizar la trazabilidad y optar por m\u00e9todos de corte o montaje optimizados son formas pr\u00e1cticas de reducir la huella medioambiental de tu colecci\u00f3n. <\/p>&#13;\n&#13;\n<h2 class=\"wp-block-heading\"><b>2. Selecciona materias primas virtuosas<\/b><\/h2>&#13;\n&#13;\n<figure class=\"wp-block-image size-large\"><img decoding=\"async\" width=\"2048\" height=\"1365\" class=\"wp-image-5867\" src=\"https:\/\/www.microstore.app\/wp-content\/uploads\/2025\/08\/branche-de-coton-biologique.jpeg\" alt=\"Rama de algod&#xF3;n org&#xE1;nico.\" srcset=\"https:\/\/www.microstore.app\/wp-content\/uploads\/2025\/08\/branche-de-coton-biologique.jpeg 2048w, https:\/\/www.microstore.app\/wp-content\/uploads\/2025\/08\/branche-de-coton-biologique-300x200.jpeg 300w, https:\/\/www.microstore.app\/wp-content\/uploads\/2025\/08\/branche-de-coton-biologique-1024x683.jpeg 1024w, https:\/\/www.microstore.app\/wp-content\/uploads\/2025\/08\/branche-de-coton-biologique-768x512.jpeg 768w, https:\/\/www.microstore.app\/wp-content\/uploads\/2025\/08\/branche-de-coton-biologique-1536x1024.jpeg 1536w\" sizes=\"(max-width: 2048px) 100vw, 2048px\" \/><\/figure>&#13;\n&#13;\n<p>La elecci\u00f3n de las materias primas es tanto un acto estrat\u00e9gico como \u00e9tico. Adem\u00e1s de su origen, debemos evaluar su impacto en todo el ciclo de vida del producto. Las fibras naturales que consumen poca agua, los materiales derivados del reciclaje o las innovaciones textiles basadas en residuos vegetales (como Pi\u00f1atex o el cuero de uva) son ahora opciones cre\u00edbles.  <\/p>&#13;\n&#13;\n<p>Recuerda comprobar las certificaciones (GOTS, OCS, GRS) para garantizar el origen y las pr\u00e1cticas de procesamiento.<\/p>&#13;\n&#13;\n<p>Ejemplos de materiales recomendados:<\/p>&#13;\n\r\n<ul class=\"wp-block-list\">&#13;\n<li><b>Algod\u00f3n ecol\u00f3gico<\/b>: cultivado sin OMG ni pesticidas, con un consumo de agua reducido.<\/li>&#13;\n\r\n\r\n&#13;\n<li><b>Tencel\u2122 (o Lyocell)<\/b>: fibra producida a partir de pulpa de madera procedente de bosques gestionados de forma sostenible, en un circuito cerrado.<\/li>&#13;\n\r\n\r\n&#13;\n<li><b>C\u00e1\u00f1amo<\/b>: una planta muy resistente que crece sin abono ni riego excesivo, con un rendimiento excelente.<\/li>&#13;\n\r\n\r\n&#13;\n<li><b>Lana reciclada<\/b>: evita la producci\u00f3n de nuevas fibras y permite reutilizar los recortes textiles.<\/li>&#13;\n\r\n\r\n&#13;\n<li><b>Pi\u00f1atex<\/b>: un material innovador fabricado con fibras de pi\u00f1a, una alternativa vegetal al cuero.<\/li>&#13;\n\r\n\r\n&#13;\n<li><b>Seaqual\u00ae<\/b>: textiles fabricados con residuos pl\u00e1sticos recogidos de los oc\u00e9anos.<\/li>&#13;\n<\/ul>\r\n&#13;\n<p>Estos materiales combinan rendimiento, compromiso y originalidad para que tu marca destaque entre la multitud.<\/p>&#13;\n&#13;\n<p>Tambi\u00e9n puedes optar por tejidos reciclados o inactivos, que te permiten crear sin producir material nuevo.<\/p>&#13;\n&#13;\n<h2 class=\"wp-block-heading\"><b>3. Localizar la producci\u00f3n para una mayor transparencia<\/b><\/h2>&#13;\n&#13;\n<figure class=\"wp-block-image size-large\"><img decoding=\"async\" width=\"2048\" height=\"1367\" class=\"wp-image-5869\" src=\"https:\/\/www.microstore.app\/wp-content\/uploads\/2025\/08\/une-quipe-de-trois-femmes-produisent-localement-leurs-strat-gie-et-leurs-collections-de-mani-re-authentique.jpeg\" alt=\"Un equipo de tres mujeres produce sus estrategias y colecciones de forma local y aut&#xE9;ntica.\" srcset=\"https:\/\/www.microstore.app\/wp-content\/uploads\/2025\/08\/une-quipe-de-trois-femmes-produisent-localement-leurs-strat-gie-et-leurs-collections-de-mani-re-authentique.jpeg 2048w, https:\/\/www.microstore.app\/wp-content\/uploads\/2025\/08\/une-quipe-de-trois-femmes-produisent-localement-leurs-strat-gie-et-leurs-collections-de-mani-re-authentique-300x200.jpeg 300w, https:\/\/www.microstore.app\/wp-content\/uploads\/2025\/08\/une-quipe-de-trois-femmes-produisent-localement-leurs-strat-gie-et-leurs-collections-de-mani-re-authentique-1024x684.jpeg 1024w, https:\/\/www.microstore.app\/wp-content\/uploads\/2025\/08\/une-quipe-de-trois-femmes-produisent-localement-leurs-strat-gie-et-leurs-collections-de-mani-re-authentique-768x513.jpeg 768w, https:\/\/www.microstore.app\/wp-content\/uploads\/2025\/08\/une-quipe-de-trois-femmes-produisent-localement-leurs-strat-gie-et-leurs-collections-de-mani-re-authentique-1536x1025.jpeg 1536w\" sizes=\"(max-width: 2048px) 100vw, 2048px\" \/><\/figure>&#13;\n&#13;\n<p>Producir localmente o utilizar canales de distribuci\u00f3n cortos no es s\u00f3lo una cuesti\u00f3n de \u00e9tica: es tambi\u00e9n una ventaja log\u00edstica, de marketing y estrat\u00e9gica. Permite controlar de cerca las condiciones de producci\u00f3n, visitar los talleres, establecer una relaci\u00f3n de confianza duradera con los proveedores y acortar los plazos de entrega. <\/p>&#13;\n&#13;\n<p>Al trabajar con talleres establecidos en Francia o Europa, tambi\u00e9n est\u00e1s promoviendo las habilidades tradicionales al tiempo que reduces la huella de carbono asociada al transporte. Es un planteamiento que est\u00e1 conquistando cada vez a m\u00e1s consumidores, que buscan trazabilidad y autenticidad. <\/p>&#13;\n&#13;\n<p><b>Un ejemplo inspirador:<\/b> la marca <b>1083<\/b>, con sede en Romans-sur-Is\u00e8re, ha optado por producir sus vaqueros al 100% en Francia. Promueve cadenas de suministro cortas, deslocaliza el saber hacer textil perdido y consigue combinar \u00e9tica, empleo local y rentabilidad. Otro ejemplo es <b>Les R\u00e9cup\u00e9rables<\/b>, que fabrica a partir de tejidos reciclados en talleres de inserci\u00f3n social en Francia.  <\/p>&#13;\n&#13;\n<h2 class=\"wp-block-heading\"><b>4. Obtener etiquetas y certificaciones de marcas de moda responsables<\/b><\/h2>&#13;\n&#13;\n<figure class=\"wp-block-image size-large\"><img loading=\"lazy\" decoding=\"async\" width=\"2048\" height=\"1365\" class=\"wp-image-5877\" src=\"https:\/\/www.microstore.app\/wp-content\/uploads\/2025\/08\/tiquette-de-certification-oeko-tex-standard-100.jpeg\" alt=\"Etiqueta de certificaci&#xF3;n Oeko-Tex&#xAE; Standard 100.\" srcset=\"https:\/\/www.microstore.app\/wp-content\/uploads\/2025\/08\/tiquette-de-certification-oeko-tex-standard-100.jpeg 2048w, https:\/\/www.microstore.app\/wp-content\/uploads\/2025\/08\/tiquette-de-certification-oeko-tex-standard-100-300x200.jpeg 300w, https:\/\/www.microstore.app\/wp-content\/uploads\/2025\/08\/tiquette-de-certification-oeko-tex-standard-100-1024x683.jpeg 1024w, https:\/\/www.microstore.app\/wp-content\/uploads\/2025\/08\/tiquette-de-certification-oeko-tex-standard-100-768x512.jpeg 768w, https:\/\/www.microstore.app\/wp-content\/uploads\/2025\/08\/tiquette-de-certification-oeko-tex-standard-100-1536x1024.jpeg 1536w\" sizes=\"(max-width: 2048px) 100vw, 2048px\" \/><\/figure>&#13;\n&#13;\n<p>Las certificaciones desempe\u00f1an un papel esencial en la credibilidad de tu enfoque \u00e9tico. Ayudan a estructurar tu cadena de valor y a generar confianza entre tus clientes. \u00c9stas son las principales etiquetas que debes conocer:  <\/p>&#13;\n\r\n<ul class=\"wp-block-list\">&#13;\n<li><b>GOTS (Norma Textil Ecol\u00f3gica Mundial)<\/b>: norma internacional que garantiza el cumplimiento de criterios ecol\u00f3gicos y sociales desde la fabricaci\u00f3n hasta la producci\u00f3n final.<\/li>&#13;\n\r\n\r\n&#13;\n<li><b>Etiqueta Ecol\u00f3gica Europea<\/b>: etiqueta oficial de la UE que eval\u00faa el impacto medioambiental de los productos a lo largo de su ciclo de vida.<\/li>&#13;\n\r\n\r\n&#13;\n<li><b>Ecocert Textil<\/b>: certificaci\u00f3n concedida a los textiles que respetan las normas ecol\u00f3gicas a lo largo de toda su producci\u00f3n.<\/li>&#13;\n\r\n\r\n&#13;\n<li><b>Norma Oeko-Tex\u00ae 100<\/b>: garantiza que los textiles est\u00e1n libres de sustancias nocivas para la salud humana.<\/li>&#13;\n\r\n\r\n&#13;\n<li><b>Est\u00e1ndar Global Reciclado (GRS)<\/b>: certifica los productos fabricados con materiales reciclados, con trazabilidad.<\/li>&#13;\n<\/ul>\r\n&#13;\n<p>Ten en cuenta que no todas las etiquetas son iguales. Algunas no tienen en cuenta todas las etapas de la producci\u00f3n textil. Est\u00fadialas detenidamente para elegir las que realmente reflejen tus compromisos.  <\/p>&#13;\n&#13;\n<h2 class=\"wp-block-heading\"><b>5. Medir y reducir tu huella de carbono<\/b><\/h2>&#13;\n&#13;\n<figure class=\"wp-block-image size-large\"><img loading=\"lazy\" decoding=\"async\" width=\"2048\" height=\"1351\" class=\"wp-image-5882\" src=\"https:\/\/www.microstore.app\/wp-content\/uploads\/2025\/08\/pile-de-v-tements-de-couleurs-diff-rentes-et-certifi-s-100-recycl-s.jpeg\" alt=\"Pila de ropa de diferentes colores, certificada 100% reciclada.\" srcset=\"https:\/\/www.microstore.app\/wp-content\/uploads\/2025\/08\/pile-de-v-tements-de-couleurs-diff-rentes-et-certifi-s-100-recycl-s.jpeg 2048w, https:\/\/www.microstore.app\/wp-content\/uploads\/2025\/08\/pile-de-v-tements-de-couleurs-diff-rentes-et-certifi-s-100-recycl-s-300x198.jpeg 300w, https:\/\/www.microstore.app\/wp-content\/uploads\/2025\/08\/pile-de-v-tements-de-couleurs-diff-rentes-et-certifi-s-100-recycl-s-1024x676.jpeg 1024w, https:\/\/www.microstore.app\/wp-content\/uploads\/2025\/08\/pile-de-v-tements-de-couleurs-diff-rentes-et-certifi-s-100-recycl-s-768x507.jpeg 768w, https:\/\/www.microstore.app\/wp-content\/uploads\/2025\/08\/pile-de-v-tements-de-couleurs-diff-rentes-et-certifi-s-100-recycl-s-1536x1013.jpeg 1536w\" sizes=\"(max-width: 2048px) 100vw, 2048px\" \/><\/figure>&#13;\n&#13;\n<p>El primer paso para hacer m\u00e1s ecol\u00f3gica tu empresa es conocer su impacto. Realizar una <b>auditor\u00eda del carbono<\/b> te permitir\u00e1 identificar las principales fuentes de contaminaci\u00f3n (transporte, energ\u00eda, materiales, log\u00edstica) y poner en marcha acciones concretas. Tambi\u00e9n es un elemento clave para que tu planteamiento sea mensurable y cre\u00edble a los ojos del p\u00fablico.  <\/p>&#13;\n&#13;\n<p>Existen herramientas gratuitas o subvencionadas para ayudarte en este proceso. Incorporar objetivos de reducci\u00f3n de emisiones tambi\u00e9n puede formar parte de tu plan de crecimiento. <\/p>&#13;\n&#13;\n<p>Herramientas \u00fatiles para empezar :<\/p>&#13;\n\r\n<ul class=\"wp-block-list\">&#13;\n<li><b>ADEME &#8211; Bilans GES<\/b>: una plataforma francesa gratuita para realizar tu primera auditor\u00eda del carbono (https:\/\/bilans-ges.ademe.fr\/).<\/li>&#13;\n\r\n\r\n&#13;\n<li><b>Carbonfact<\/b>: una soluci\u00f3n dedicada a las marcas de moda para analizar el impacto medioambiental de cada producto.<\/li>&#13;\n\r\n\r\n&#13;\n<li><b>Greenly<\/b>: herramienta SaaS de contabilidad del carbono, accesible a las peque\u00f1as organizaciones.<\/li>&#13;\n\r\n\r\n&#13;\n<li><b>EcoImpact<\/b>: soluci\u00f3n de etiquetado medioambiental desarrollada para la moda y los textiles.<\/li>&#13;\n\r\n\r\n&#13;\n<li><b>Carbon 4 Finance<\/b>: para las marcas que deseen integrar un an\u00e1lisis m\u00e1s profundo de su cadena de suministro.<\/li>&#13;\n<\/ul>\r\n&#13;\n<p>Estas herramientas te permitir\u00e1n transformar tus intenciones medioambientales en un plan de acci\u00f3n estructurado y medible<\/p>&#13;\n&#13;\n<h2 class=\"wp-block-heading\"><b>6. Poner en marcha una comunicaci\u00f3n transparente<\/b><\/h2>&#13;\n&#13;\n<figure class=\"wp-block-image size-large\"><img loading=\"lazy\" decoding=\"async\" width=\"2048\" height=\"1536\" class=\"wp-image-5887\" src=\"https:\/\/www.microstore.app\/wp-content\/uploads\/2025\/08\/une-femme-se-filme-avec-son-smartphone-elle-est-quip-e-d-une-ring-light-et-travaille-sur-une-communication-transparente-6.jpeg\" alt=\"Una mujer se graba a s&#xED; misma con su smartphone, equipada con una luz anular y trabajando en una comunicaci&#xF3;n transparente.\" srcset=\"https:\/\/www.microstore.app\/wp-content\/uploads\/2025\/08\/une-femme-se-filme-avec-son-smartphone-elle-est-quip-e-d-une-ring-light-et-travaille-sur-une-communication-transparente-6.jpeg 2048w, https:\/\/www.microstore.app\/wp-content\/uploads\/2025\/08\/une-femme-se-filme-avec-son-smartphone-elle-est-quip-e-d-une-ring-light-et-travaille-sur-une-communication-transparente-6-300x225.jpeg 300w, https:\/\/www.microstore.app\/wp-content\/uploads\/2025\/08\/une-femme-se-filme-avec-son-smartphone-elle-est-quip-e-d-une-ring-light-et-travaille-sur-une-communication-transparente-6-1024x768.jpeg 1024w, https:\/\/www.microstore.app\/wp-content\/uploads\/2025\/08\/une-femme-se-filme-avec-son-smartphone-elle-est-quip-e-d-une-ring-light-et-travaille-sur-une-communication-transparente-6-768x576.jpeg 768w, https:\/\/www.microstore.app\/wp-content\/uploads\/2025\/08\/une-femme-se-filme-avec-son-smartphone-elle-est-quip-e-d-une-ring-light-et-travaille-sur-une-communication-transparente-6-1536x1152.jpeg 1536w\" sizes=\"(max-width: 2048px) 100vw, 2048px\" \/><\/figure>&#13;\n&#13;\n<p>La imagen de marca desempe\u00f1a un papel fundamental en el \u00e9xito de tu proyecto. Los consumidores esperan que las marcas sean claras, accesibles y sinceras. Cuenta tu historia, habla de tus elecciones (materiales, socios, costes), explica tus compromisos sin recurrir al lavado verde.  <\/p>&#13;\n&#13;\n<p>Un consejo: utiliza diversos formatos (v\u00eddeos, im\u00e1genes entre bastidores, entrevistas a artesanos, infograf\u00edas) para que tu comunicaci\u00f3n sea viva y did\u00e1ctica.<\/p>&#13;\n&#13;\n<h2 class=\"wp-block-heading\"><b>7. Crear una oferta deseable y sostenible<\/b><\/h2>&#13;\n&#13;\n<figure class=\"wp-block-image size-large\"><img loading=\"lazy\" decoding=\"async\" width=\"2048\" height=\"1367\" class=\"wp-image-5888\" src=\"https:\/\/www.microstore.app\/wp-content\/uploads\/2025\/08\/un-homme-et-deux-femmes-se-tiennent-debout-autour-d-une-table-et-travaillent-sur-la-cr-ation-d-une-offre-d-sirable-durable-avec-long-vit-confort-unicit-et-impact-r-duit.jpeg\" alt=\"Un hombre y dos mujeres se sientan alrededor de una mesa y trabajan en la creaci&#xF3;n de una oferta deseable y sostenible, con longevidad, comodidad, singularidad e impacto reducido.\" srcset=\"https:\/\/www.microstore.app\/wp-content\/uploads\/2025\/08\/un-homme-et-deux-femmes-se-tiennent-debout-autour-d-une-table-et-travaillent-sur-la-cr-ation-d-une-offre-d-sirable-durable-avec-long-vit-confort-unicit-et-impact-r-duit.jpeg 2048w, https:\/\/www.microstore.app\/wp-content\/uploads\/2025\/08\/un-homme-et-deux-femmes-se-tiennent-debout-autour-d-une-table-et-travaillent-sur-la-cr-ation-d-une-offre-d-sirable-durable-avec-long-vit-confort-unicit-et-impact-r-duit-300x200.jpeg 300w, https:\/\/www.microstore.app\/wp-content\/uploads\/2025\/08\/un-homme-et-deux-femmes-se-tiennent-debout-autour-d-une-table-et-travaillent-sur-la-cr-ation-d-une-offre-d-sirable-durable-avec-long-vit-confort-unicit-et-impact-r-duit-1024x684.jpeg 1024w, https:\/\/www.microstore.app\/wp-content\/uploads\/2025\/08\/un-homme-et-deux-femmes-se-tiennent-debout-autour-d-une-table-et-travaillent-sur-la-cr-ation-d-une-offre-d-sirable-durable-avec-long-vit-confort-unicit-et-impact-r-duit-768x513.jpeg 768w, https:\/\/www.microstore.app\/wp-content\/uploads\/2025\/08\/un-homme-et-deux-femmes-se-tiennent-debout-autour-d-une-table-et-travaillent-sur-la-cr-ation-d-une-offre-d-sirable-durable-avec-long-vit-confort-unicit-et-impact-r-duit-1536x1025.jpeg 1536w\" sizes=\"(max-width: 2048px) 100vw, 2048px\" \/><\/figure>&#13;\n&#13;\n<p>Crear una marca comprometida no es suficiente si el producto no atrae. El estilo, el ajuste, la comodidad y la imagen son tan importantes como tus compromisos de RSC. Los consumidores quieren comprar de forma responsable, pero no a expensas del dise\u00f1o o la practicidad. Por tanto, una marca \u00e9tica debe combinar <b>compromisos firmes<\/b> con el <b>atractivo del producto<\/b>.   <\/p>&#13;\n&#13;\n<p><b>Dato clave:<\/b> En 2023, seg\u00fan un estudio de McKinsey, el 70% de los consumidores europeos dijeron estar al tanto de la moda sostenible, pero s\u00f3lo el 18% de sus compras proced\u00edan realmente de marcas \u00e9ticas. Esto demuestra que no basta con ser virtuoso: tu producto tambi\u00e9n debe atraer, inspirar y hacer so\u00f1ar. En otras palabras, para que la \u00e9tica sea una palanca de compra, debe ir acompa\u00f1ada de un aut\u00e9ntico deseo por el producto.  <\/p>&#13;\n&#13;\n<p>Esto tambi\u00e9n significa comprender el comportamiento de compra actual: mucha gente sigue comprando moda r\u00e1pida por costumbre, precio o comodidad. As\u00ed que es esencial adaptar tu mensaje de marketing, para hacer hincapi\u00e9 en las ventajas tangibles: <b>longevidad<\/b>, <b>comodidad<\/b>, <b>singularidad<\/b>, <b>impacto reducido<\/b>. Trabaja tu <b>narrativa<\/b>, utilizando <b>pruebas sociales<\/b> (rese\u00f1as de clientes, personas influyentes, pruebas de productos) para convencer a la gente m\u00e1s all\u00e1 del c\u00edrculo militante.  <\/p>&#13;\n&#13;\n<p>\u00c9stas son las marcas que han sabido combinar \u00e9tica, dise\u00f1o y practicidad<\/p>&#13;\n\r\n<ul class=\"wp-block-list\">&#13;\n<li><b>Veja<\/b>: m\u00e1s de 3 millones de pares vendidos en 2023, apostando por la transparencia y el dise\u00f1o sobrio.<\/li>&#13;\n\r\n\r\n&#13;\n<li><b>Patagonia<\/b>: m\u00e1s de 1.500 millones de d\u00f3lares en ventas en 2022, con un compromiso pionero con el medio ambiente.<\/li>&#13;\n\r\n\r\n&#13;\n<li><b>Loom<\/b>: una marca francesa conocida por su negativa a aceptar promociones y sus elevados est\u00e1ndares de producto.<\/li>&#13;\n<\/ul>\r\n&#13;\n<h2 class=\"wp-block-heading\"><b>8. Rodearse e integrar un ecosistema comprometido<\/b><\/h2>&#13;\n&#13;\n<figure class=\"wp-block-image size-large\"><img loading=\"lazy\" decoding=\"async\" width=\"2048\" height=\"1365\" class=\"wp-image-5897\" src=\"https:\/\/www.microstore.app\/wp-content\/uploads\/2025\/08\/une-pile-de-trois-v-tements-est-pos-e-sur-une-table-en-arri-re-plan-flout-un-dressing-avec-des-v-tements-eux-aussi-clairs-et-fabriqu-s-avec-des-mati-res-premi-res-de-qualit.jpeg\" alt=\"Sobre una mesa hay una pila de tres prendas. En el fondo borroso, un probador con prendas tambi&#xE9;n brillantes y confeccionadas con materias primas de calidad. \" srcset=\"https:\/\/www.microstore.app\/wp-content\/uploads\/2025\/08\/une-pile-de-trois-v-tements-est-pos-e-sur-une-table-en-arri-re-plan-flout-un-dressing-avec-des-v-tements-eux-aussi-clairs-et-fabriqu-s-avec-des-mati-res-premi-res-de-qualit.jpeg 2048w, https:\/\/www.microstore.app\/wp-content\/uploads\/2025\/08\/une-pile-de-trois-v-tements-est-pos-e-sur-une-table-en-arri-re-plan-flout-un-dressing-avec-des-v-tements-eux-aussi-clairs-et-fabriqu-s-avec-des-mati-res-premi-res-de-qualit-300x200.jpeg 300w, https:\/\/www.microstore.app\/wp-content\/uploads\/2025\/08\/une-pile-de-trois-v-tements-est-pos-e-sur-une-table-en-arri-re-plan-flout-un-dressing-avec-des-v-tements-eux-aussi-clairs-et-fabriqu-s-avec-des-mati-res-premi-res-de-qualit-1024x683.jpeg 1024w, https:\/\/www.microstore.app\/wp-content\/uploads\/2025\/08\/une-pile-de-trois-v-tements-est-pos-e-sur-une-table-en-arri-re-plan-flout-un-dressing-avec-des-v-tements-eux-aussi-clairs-et-fabriqu-s-avec-des-mati-res-premi-res-de-qualit-768x512.jpeg 768w, https:\/\/www.microstore.app\/wp-content\/uploads\/2025\/08\/une-pile-de-trois-v-tements-est-pos-e-sur-une-table-en-arri-re-plan-flout-un-dressing-avec-des-v-tements-eux-aussi-clairs-et-fabriqu-s-avec-des-mati-res-premi-res-de-qualit-1536x1024.jpeg 1536w\" sizes=\"(max-width: 2048px) 100vw, 2048px\" \/><\/figure>&#13;\n&#13;\n<p>Es posible hacerlo solo, pero es m\u00e1s eficaz rodearse de otros. Participa en ferias (Impact, Neonyt, Made in France), \u00fanete a grupos (Fashion Green Hub, En Mode Climat) y utiliza herramientas dise\u00f1adas para profesionales de la moda sostenible. <\/p>&#13;\n&#13;\n<h2 class=\"wp-block-heading\"><b>Conclusi\u00f3n<\/b><\/h2>&#13;\n&#13;\n<p>Crear una marca de ropa responsable requiere visi\u00f3n, valent\u00eda y organizaci\u00f3n met\u00f3dica. No basta con tener una gran idea: hay que poner cada ladrillo con coherencia, rigor y creatividad. <\/p>&#13;\n&#13;\n<p>Esta gu\u00eda te ayudar\u00e1 a empezar. De ti depende a\u00f1adir tu personalidad, tu pasi\u00f3n y tu mundo. Y sobre todo: no lo hagas solo. Herramientas como MicroStore, plataformas como MyFashionWholesaler y soluciones como NanoShop est\u00e1n aqu\u00ed para ayudarte a ahorrar tiempo, evitar escollos y construir una marca sostenible, en el sentido m\u00e1s amplio del t\u00e9rmino.   <\/p>&#13;\n&#13;\n<p><b>Enlaces \u00fatiles :<\/b><\/p>&#13;\n\r\n<ul class=\"wp-block-list\">&#13;\n<li><a href=\"https:\/\/www.myfashionwholesaler.com\/\">Encontrar proveedores responsables<br\/><\/a><\/li>&#13;\n\r\n\r\n&#13;\n<li><a href=\"https:\/\/www.nanoshop.app\/\">Crea tu tienda online con NanoShop<br\/><\/a><\/li>&#13;\n\r\n\r\n&#13;\n<li><a href=\"https:\/\/microstore.app\/\">\u00danete a la comunidad MicroStore<br\/><\/a><\/li>&#13;\n<\/ul>\r\n","protected":false},"excerpt":{"rendered":"<p>&#13; Lanzar una marca de moda \u00e9tica es un proyecto tan ambicioso como significativo. Con unos consumidores cada vez m\u00e1s sensibles a las cuestiones medioambientales y sociales, el mundo de la moda sostenible ofrece verdaderas oportunidades a los empresarios visionarios. &#13; &#13; La conciencia colectiva, las nuevas normativas europeas y la aparici\u00f3n de una generaci\u00f3n [&hellip;]<\/p>\n","protected":false},"author":1,"featured_media":5866,"comment_status":"open","ping_status":"open","sticky":false,"template":"","format":"standard","meta":{"footnotes":""},"categories":[60],"tags":[],"class_list":["post-5967","post","type-post","status-publish","format-standard","has-post-thumbnail","hentry","category-consejos"],"yoast_head":"<!-- This site is optimized with the Yoast SEO plugin v26.7 - https:\/\/yoast.com\/wordpress\/plugins\/seo\/ -->\n<title>Crear una marca de moda \u00e9tica: gu\u00eda completa para empezar<\/title>\n<meta name=\"description\" content=\"\u00bfSue\u00f1as con lanzar una marca de ropa responsable? Descubre nuestra gu\u00eda paso a paso para crear una marca de moda \u00e9tica rentable y comprometida.\" \/>\n<meta name=\"robots\" content=\"index, follow, max-snippet:-1, max-image-preview:large, max-video-preview:-1\" \/>\n<link rel=\"canonical\" href=\"https:\/\/www.microstore.app\/es\/crear-una-marca-de-moda-etica-por-donde-empezar\/\" \/>\n<meta property=\"og:locale\" content=\"es_ES\" \/>\n<meta property=\"og:type\" content=\"article\" \/>\n<meta property=\"og:title\" content=\"Crear una marca de moda \u00e9tica: gu\u00eda completa para empezar\" \/>\n<meta property=\"og:description\" content=\"\u00bfSue\u00f1as con lanzar una marca de ropa responsable? Descubre nuestra gu\u00eda paso a paso para crear una marca de moda \u00e9tica rentable y comprometida.\" \/>\n<meta property=\"og:url\" content=\"https:\/\/www.microstore.app\/es\/crear-una-marca-de-moda-etica-por-donde-empezar\/\" \/>\n<meta property=\"og:site_name\" content=\"Microstore -\" \/>\n<meta property=\"article:published_time\" content=\"2025-08-22T16:59:21+00:00\" \/>\n<meta property=\"article:modified_time\" content=\"2025-08-25T17:42:42+00:00\" \/>\n<meta property=\"og:image\" content=\"https:\/\/www.microstore.app\/wp-content\/uploads\/2025\/08\/des-v-tements-avec-une-tiquette-indiquant-qu-il-s-agit-d-une-marque-de-mode-thique-sont-dans-un-sac-en-carton.jpeg\" \/>\n\t<meta property=\"og:image:width\" content=\"2048\" \/>\n\t<meta property=\"og:image:height\" content=\"1365\" \/>\n\t<meta property=\"og:image:type\" content=\"image\/jpeg\" \/>\n<meta name=\"author\" content=\"admin\" \/>\n<meta name=\"twitter:card\" content=\"summary_large_image\" \/>\n<meta name=\"twitter:label1\" content=\"Escrito por\" \/>\n\t<meta name=\"twitter:data1\" content=\"admin\" \/>\n\t<meta name=\"twitter:label2\" content=\"Tiempo de lectura\" \/>\n\t<meta name=\"twitter:data2\" content=\"8 minutos\" \/>\n<script type=\"application\/ld+json\" class=\"yoast-schema-graph\">{\"@context\":\"https:\/\/schema.org\",\"@graph\":[{\"@type\":\"Article\",\"@id\":\"https:\/\/www.microstore.app\/es\/crear-una-marca-de-moda-etica-por-donde-empezar\/#article\",\"isPartOf\":{\"@id\":\"https:\/\/www.microstore.app\/es\/crear-una-marca-de-moda-etica-por-donde-empezar\/\"},\"author\":{\"name\":\"admin\",\"@id\":\"https:\/\/www.microstore.app\/es\/#\/schema\/person\/598c4913ade13962ea1778a2d865b3bb\"},\"headline\":\"Crear una marca de moda \u00e9tica: \u00bfpor d\u00f3nde empezar?\",\"datePublished\":\"2025-08-22T16:59:21+00:00\",\"dateModified\":\"2025-08-25T17:42:42+00:00\",\"mainEntityOfPage\":{\"@id\":\"https:\/\/www.microstore.app\/es\/crear-una-marca-de-moda-etica-por-donde-empezar\/\"},\"wordCount\":1578,\"commentCount\":0,\"publisher\":{\"@id\":\"https:\/\/www.microstore.app\/es\/#organization\"},\"image\":{\"@id\":\"https:\/\/www.microstore.app\/es\/crear-una-marca-de-moda-etica-por-donde-empezar\/#primaryimage\"},\"thumbnailUrl\":\"https:\/\/www.microstore.app\/wp-content\/uploads\/2025\/08\/des-v-tements-avec-une-tiquette-indiquant-qu-il-s-agit-d-une-marque-de-mode-thique-sont-dans-un-sac-en-carton.jpeg\",\"articleSection\":[\"Consejos\"],\"inLanguage\":\"es\",\"potentialAction\":[{\"@type\":\"CommentAction\",\"name\":\"Comment\",\"target\":[\"https:\/\/www.microstore.app\/es\/crear-una-marca-de-moda-etica-por-donde-empezar\/#respond\"]}]},{\"@type\":\"WebPage\",\"@id\":\"https:\/\/www.microstore.app\/es\/crear-una-marca-de-moda-etica-por-donde-empezar\/\",\"url\":\"https:\/\/www.microstore.app\/es\/crear-una-marca-de-moda-etica-por-donde-empezar\/\",\"name\":\"Crear una marca de moda \u00e9tica: gu\u00eda completa para empezar\",\"isPartOf\":{\"@id\":\"https:\/\/www.microstore.app\/es\/#website\"},\"primaryImageOfPage\":{\"@id\":\"https:\/\/www.microstore.app\/es\/crear-una-marca-de-moda-etica-por-donde-empezar\/#primaryimage\"},\"image\":{\"@id\":\"https:\/\/www.microstore.app\/es\/crear-una-marca-de-moda-etica-por-donde-empezar\/#primaryimage\"},\"thumbnailUrl\":\"https:\/\/www.microstore.app\/wp-content\/uploads\/2025\/08\/des-v-tements-avec-une-tiquette-indiquant-qu-il-s-agit-d-une-marque-de-mode-thique-sont-dans-un-sac-en-carton.jpeg\",\"datePublished\":\"2025-08-22T16:59:21+00:00\",\"dateModified\":\"2025-08-25T17:42:42+00:00\",\"description\":\"\u00bfSue\u00f1as con lanzar una marca de ropa responsable? Descubre nuestra gu\u00eda paso a paso para crear una marca de moda \u00e9tica rentable y comprometida.\",\"breadcrumb\":{\"@id\":\"https:\/\/www.microstore.app\/es\/crear-una-marca-de-moda-etica-por-donde-empezar\/#breadcrumb\"},\"inLanguage\":\"es\",\"potentialAction\":[{\"@type\":\"ReadAction\",\"target\":[\"https:\/\/www.microstore.app\/es\/crear-una-marca-de-moda-etica-por-donde-empezar\/\"]}]},{\"@type\":\"ImageObject\",\"inLanguage\":\"es\",\"@id\":\"https:\/\/www.microstore.app\/es\/crear-una-marca-de-moda-etica-por-donde-empezar\/#primaryimage\",\"url\":\"https:\/\/www.microstore.app\/wp-content\/uploads\/2025\/08\/des-v-tements-avec-une-tiquette-indiquant-qu-il-s-agit-d-une-marque-de-mode-thique-sont-dans-un-sac-en-carton.jpeg\",\"contentUrl\":\"https:\/\/www.microstore.app\/wp-content\/uploads\/2025\/08\/des-v-tements-avec-une-tiquette-indiquant-qu-il-s-agit-d-une-marque-de-mode-thique-sont-dans-un-sac-en-carton.jpeg\",\"width\":2048,\"height\":1365},{\"@type\":\"BreadcrumbList\",\"@id\":\"https:\/\/www.microstore.app\/es\/crear-una-marca-de-moda-etica-por-donde-empezar\/#breadcrumb\",\"itemListElement\":[{\"@type\":\"ListItem\",\"position\":1,\"name\":\"Home\",\"item\":\"https:\/\/www.microstore.app\/es\/\"},{\"@type\":\"ListItem\",\"position\":2,\"name\":\"Crear una marca de moda \u00e9tica: \u00bfpor d\u00f3nde empezar?\"}]},{\"@type\":\"WebSite\",\"@id\":\"https:\/\/www.microstore.app\/es\/#website\",\"url\":\"https:\/\/www.microstore.app\/es\/\",\"name\":\"Microstore -\",\"description\":\"Meilleurs grossistes de v\u00eatements en ligne : T\u00e9l\u00e9chargez MicroStore.\",\"publisher\":{\"@id\":\"https:\/\/www.microstore.app\/es\/#organization\"},\"potentialAction\":[{\"@type\":\"SearchAction\",\"target\":{\"@type\":\"EntryPoint\",\"urlTemplate\":\"https:\/\/www.microstore.app\/es\/?s={search_term_string}\"},\"query-input\":{\"@type\":\"PropertyValueSpecification\",\"valueRequired\":true,\"valueName\":\"search_term_string\"}}],\"inLanguage\":\"es\"},{\"@type\":\"Organization\",\"@id\":\"https:\/\/www.microstore.app\/es\/#organization\",\"name\":\"Microstore -\",\"url\":\"https:\/\/www.microstore.app\/es\/\",\"logo\":{\"@type\":\"ImageObject\",\"inLanguage\":\"es\",\"@id\":\"https:\/\/www.microstore.app\/es\/#\/schema\/logo\/image\/\",\"url\":\"https:\/\/www.microstore.app\/wp-content\/uploads\/2023\/10\/microstore.webp\",\"contentUrl\":\"https:\/\/www.microstore.app\/wp-content\/uploads\/2023\/10\/microstore.webp\",\"width\":830,\"height\":118,\"caption\":\"Microstore -\"},\"image\":{\"@id\":\"https:\/\/www.microstore.app\/es\/#\/schema\/logo\/image\/\"}},{\"@type\":\"Person\",\"@id\":\"https:\/\/www.microstore.app\/es\/#\/schema\/person\/598c4913ade13962ea1778a2d865b3bb\",\"name\":\"admin\",\"sameAs\":[\"https:\/\/wp-micro-beta.neyber.tech\"]}]}<\/script>\n<!-- \/ Yoast SEO plugin. -->","yoast_head_json":{"title":"Crear una marca de moda \u00e9tica: gu\u00eda completa para empezar","description":"\u00bfSue\u00f1as con lanzar una marca de ropa responsable? Descubre nuestra gu\u00eda paso a paso para crear una marca de moda \u00e9tica rentable y comprometida.","robots":{"index":"index","follow":"follow","max-snippet":"max-snippet:-1","max-image-preview":"max-image-preview:large","max-video-preview":"max-video-preview:-1"},"canonical":"https:\/\/www.microstore.app\/es\/crear-una-marca-de-moda-etica-por-donde-empezar\/","og_locale":"es_ES","og_type":"article","og_title":"Crear una marca de moda \u00e9tica: gu\u00eda completa para empezar","og_description":"\u00bfSue\u00f1as con lanzar una marca de ropa responsable? Descubre nuestra gu\u00eda paso a paso para crear una marca de moda \u00e9tica rentable y comprometida.","og_url":"https:\/\/www.microstore.app\/es\/crear-una-marca-de-moda-etica-por-donde-empezar\/","og_site_name":"Microstore -","article_published_time":"2025-08-22T16:59:21+00:00","article_modified_time":"2025-08-25T17:42:42+00:00","og_image":[{"width":2048,"height":1365,"url":"https:\/\/www.microstore.app\/wp-content\/uploads\/2025\/08\/des-v-tements-avec-une-tiquette-indiquant-qu-il-s-agit-d-une-marque-de-mode-thique-sont-dans-un-sac-en-carton.jpeg","type":"image\/jpeg"}],"author":"admin","twitter_card":"summary_large_image","twitter_misc":{"Escrito por":"admin","Tiempo de lectura":"8 minutos"},"schema":{"@context":"https:\/\/schema.org","@graph":[{"@type":"Article","@id":"https:\/\/www.microstore.app\/es\/crear-una-marca-de-moda-etica-por-donde-empezar\/#article","isPartOf":{"@id":"https:\/\/www.microstore.app\/es\/crear-una-marca-de-moda-etica-por-donde-empezar\/"},"author":{"name":"admin","@id":"https:\/\/www.microstore.app\/es\/#\/schema\/person\/598c4913ade13962ea1778a2d865b3bb"},"headline":"Crear una marca de moda \u00e9tica: \u00bfpor d\u00f3nde empezar?","datePublished":"2025-08-22T16:59:21+00:00","dateModified":"2025-08-25T17:42:42+00:00","mainEntityOfPage":{"@id":"https:\/\/www.microstore.app\/es\/crear-una-marca-de-moda-etica-por-donde-empezar\/"},"wordCount":1578,"commentCount":0,"publisher":{"@id":"https:\/\/www.microstore.app\/es\/#organization"},"image":{"@id":"https:\/\/www.microstore.app\/es\/crear-una-marca-de-moda-etica-por-donde-empezar\/#primaryimage"},"thumbnailUrl":"https:\/\/www.microstore.app\/wp-content\/uploads\/2025\/08\/des-v-tements-avec-une-tiquette-indiquant-qu-il-s-agit-d-une-marque-de-mode-thique-sont-dans-un-sac-en-carton.jpeg","articleSection":["Consejos"],"inLanguage":"es","potentialAction":[{"@type":"CommentAction","name":"Comment","target":["https:\/\/www.microstore.app\/es\/crear-una-marca-de-moda-etica-por-donde-empezar\/#respond"]}]},{"@type":"WebPage","@id":"https:\/\/www.microstore.app\/es\/crear-una-marca-de-moda-etica-por-donde-empezar\/","url":"https:\/\/www.microstore.app\/es\/crear-una-marca-de-moda-etica-por-donde-empezar\/","name":"Crear una marca de moda \u00e9tica: gu\u00eda completa para empezar","isPartOf":{"@id":"https:\/\/www.microstore.app\/es\/#website"},"primaryImageOfPage":{"@id":"https:\/\/www.microstore.app\/es\/crear-una-marca-de-moda-etica-por-donde-empezar\/#primaryimage"},"image":{"@id":"https:\/\/www.microstore.app\/es\/crear-una-marca-de-moda-etica-por-donde-empezar\/#primaryimage"},"thumbnailUrl":"https:\/\/www.microstore.app\/wp-content\/uploads\/2025\/08\/des-v-tements-avec-une-tiquette-indiquant-qu-il-s-agit-d-une-marque-de-mode-thique-sont-dans-un-sac-en-carton.jpeg","datePublished":"2025-08-22T16:59:21+00:00","dateModified":"2025-08-25T17:42:42+00:00","description":"\u00bfSue\u00f1as con lanzar una marca de ropa responsable? Descubre nuestra gu\u00eda paso a paso para crear una marca de moda \u00e9tica rentable y comprometida.","breadcrumb":{"@id":"https:\/\/www.microstore.app\/es\/crear-una-marca-de-moda-etica-por-donde-empezar\/#breadcrumb"},"inLanguage":"es","potentialAction":[{"@type":"ReadAction","target":["https:\/\/www.microstore.app\/es\/crear-una-marca-de-moda-etica-por-donde-empezar\/"]}]},{"@type":"ImageObject","inLanguage":"es","@id":"https:\/\/www.microstore.app\/es\/crear-una-marca-de-moda-etica-por-donde-empezar\/#primaryimage","url":"https:\/\/www.microstore.app\/wp-content\/uploads\/2025\/08\/des-v-tements-avec-une-tiquette-indiquant-qu-il-s-agit-d-une-marque-de-mode-thique-sont-dans-un-sac-en-carton.jpeg","contentUrl":"https:\/\/www.microstore.app\/wp-content\/uploads\/2025\/08\/des-v-tements-avec-une-tiquette-indiquant-qu-il-s-agit-d-une-marque-de-mode-thique-sont-dans-un-sac-en-carton.jpeg","width":2048,"height":1365},{"@type":"BreadcrumbList","@id":"https:\/\/www.microstore.app\/es\/crear-una-marca-de-moda-etica-por-donde-empezar\/#breadcrumb","itemListElement":[{"@type":"ListItem","position":1,"name":"Home","item":"https:\/\/www.microstore.app\/es\/"},{"@type":"ListItem","position":2,"name":"Crear una marca de moda \u00e9tica: \u00bfpor d\u00f3nde empezar?"}]},{"@type":"WebSite","@id":"https:\/\/www.microstore.app\/es\/#website","url":"https:\/\/www.microstore.app\/es\/","name":"Microstore -","description":"Meilleurs grossistes de v\u00eatements en ligne : T\u00e9l\u00e9chargez MicroStore.","publisher":{"@id":"https:\/\/www.microstore.app\/es\/#organization"},"potentialAction":[{"@type":"SearchAction","target":{"@type":"EntryPoint","urlTemplate":"https:\/\/www.microstore.app\/es\/?s={search_term_string}"},"query-input":{"@type":"PropertyValueSpecification","valueRequired":true,"valueName":"search_term_string"}}],"inLanguage":"es"},{"@type":"Organization","@id":"https:\/\/www.microstore.app\/es\/#organization","name":"Microstore -","url":"https:\/\/www.microstore.app\/es\/","logo":{"@type":"ImageObject","inLanguage":"es","@id":"https:\/\/www.microstore.app\/es\/#\/schema\/logo\/image\/","url":"https:\/\/www.microstore.app\/wp-content\/uploads\/2023\/10\/microstore.webp","contentUrl":"https:\/\/www.microstore.app\/wp-content\/uploads\/2023\/10\/microstore.webp","width":830,"height":118,"caption":"Microstore -"},"image":{"@id":"https:\/\/www.microstore.app\/es\/#\/schema\/logo\/image\/"}},{"@type":"Person","@id":"https:\/\/www.microstore.app\/es\/#\/schema\/person\/598c4913ade13962ea1778a2d865b3bb","name":"admin","sameAs":["https:\/\/wp-micro-beta.neyber.tech"]}]}},"_links":{"self":[{"href":"https:\/\/www.microstore.app\/es\/wp-json\/wp\/v2\/posts\/5967","targetHints":{"allow":["GET"]}}],"collection":[{"href":"https:\/\/www.microstore.app\/es\/wp-json\/wp\/v2\/posts"}],"about":[{"href":"https:\/\/www.microstore.app\/es\/wp-json\/wp\/v2\/types\/post"}],"author":[{"embeddable":true,"href":"https:\/\/www.microstore.app\/es\/wp-json\/wp\/v2\/users\/1"}],"replies":[{"embeddable":true,"href":"https:\/\/www.microstore.app\/es\/wp-json\/wp\/v2\/comments?post=5967"}],"version-history":[{"count":1,"href":"https:\/\/www.microstore.app\/es\/wp-json\/wp\/v2\/posts\/5967\/revisions"}],"predecessor-version":[{"id":5971,"href":"https:\/\/www.microstore.app\/es\/wp-json\/wp\/v2\/posts\/5967\/revisions\/5971"}],"wp:featuredmedia":[{"embeddable":true,"href":"https:\/\/www.microstore.app\/es\/wp-json\/wp\/v2\/media\/5866"}],"wp:attachment":[{"href":"https:\/\/www.microstore.app\/es\/wp-json\/wp\/v2\/media?parent=5967"}],"wp:term":[{"taxonomy":"category","embeddable":true,"href":"https:\/\/www.microstore.app\/es\/wp-json\/wp\/v2\/categories?post=5967"},{"taxonomy":"post_tag","embeddable":true,"href":"https:\/\/www.microstore.app\/es\/wp-json\/wp\/v2\/tags?post=5967"}],"curies":[{"name":"wp","href":"https:\/\/api.w.org\/{rel}","templated":true}]}}