{"id":6010,"date":"2025-08-22T16:59:21","date_gmt":"2025-08-22T16:59:21","guid":{"rendered":"https:\/\/www.microstore.app\/criar-uma-marca-de-moda-etica-por-onde-comecar\/"},"modified":"2025-08-25T17:43:58","modified_gmt":"2025-08-25T17:43:58","slug":"criar-uma-marca-de-moda-etica-por-onde-comecar","status":"publish","type":"post","link":"https:\/\/www.microstore.app\/pt-pt\/criar-uma-marca-de-moda-etica-por-onde-comecar\/","title":{"rendered":"Criar uma marca de moda \u00e9tica: por onde come\u00e7ar?"},"content":{"rendered":"&#13;\n<p>Lan\u00e7ar uma <b>marca de moda \u00e9tica<\/b> \u00e9 um projeto t\u00e3o ambicioso quanto significativo. Com consumidores cada vez mais sens\u00edveis \u00e0s quest\u00f5es ambientais e sociais, o mundo da <b>moda sustent\u00e1vel<\/b> oferece oportunidades reais para empres\u00e1rios vision\u00e1rios. <\/p>&#13;\n&#13;\n<p>A consci\u00eancia colectiva, a nova regulamenta\u00e7\u00e3o europeia e a emerg\u00eancia de uma gera\u00e7\u00e3o empenhada est\u00e3o a alterar profundamente o comportamento de compra. Mas transformar uma ideia num neg\u00f3cio vi\u00e1vel requer muito mais do que boas inten\u00e7\u00f5es. Precisas de uma estrat\u00e9gia clara, das ferramentas certas e, acima de tudo, de um roteiro realista.  <\/p>&#13;\n&#13;\n<p>Mas, em termos pr\u00e1ticos, <b>por onde \u00e9 que come\u00e7as?<\/b> Quais s\u00e3o os primeiros passos que deves dar para criar uma <b>marca de roupa respons\u00e1vel<\/b> que combine estilo, compromisso e viabilidade econ\u00f3mica? Este guia completo oferece-te um roteiro claro para lan\u00e7ares bases s\u00f3lidas e constru\u00edres um projeto de acordo com os teus valores. <\/p>&#13;\n&#13;\n<h2 class=\"wp-block-heading\"><b>1. Repensa o teu modelo de fabrico desde a fase de conce\u00e7\u00e3o<\/b><\/h2>&#13;\n&#13;\n<figure class=\"wp-block-image size-large\"><img fetchpriority=\"high\" decoding=\"async\" width=\"2048\" height=\"1366\" class=\"wp-image-5857\" src=\"https:\/\/www.microstore.app\/wp-content\/uploads\/2025\/08\/une-femme-est-debout-devant-une-table-en-bois-elle-trie-des-v-tements-issus-du-circuit-court-et-r-duit-en-gaspillage-pour-r-duire-l-empreinte-environnementale-de-sa-collection.jpeg\" alt=\"Uma mulher est&#xE1; em frente a uma mesa de madeira. Separa a roupa do curto-circuito e reduz os res&#xED;duos para diminuir a pegada ambiental da sua cole&#xE7;&#xE3;o. \" srcset=\"https:\/\/www.microstore.app\/wp-content\/uploads\/2025\/08\/une-femme-est-debout-devant-une-table-en-bois-elle-trie-des-v-tements-issus-du-circuit-court-et-r-duit-en-gaspillage-pour-r-duire-l-empreinte-environnementale-de-sa-collection.jpeg 2048w, https:\/\/www.microstore.app\/wp-content\/uploads\/2025\/08\/une-femme-est-debout-devant-une-table-en-bois-elle-trie-des-v-tements-issus-du-circuit-court-et-r-duit-en-gaspillage-pour-r-duire-l-empreinte-environnementale-de-sa-collection-300x200.jpeg 300w, https:\/\/www.microstore.app\/wp-content\/uploads\/2025\/08\/une-femme-est-debout-devant-une-table-en-bois-elle-trie-des-v-tements-issus-du-circuit-court-et-r-duit-en-gaspillage-pour-r-duire-l-empreinte-environnementale-de-sa-collection-1024x683.jpeg 1024w, https:\/\/www.microstore.app\/wp-content\/uploads\/2025\/08\/une-femme-est-debout-devant-une-table-en-bois-elle-trie-des-v-tements-issus-du-circuit-court-et-r-duit-en-gaspillage-pour-r-duire-l-empreinte-environnementale-de-sa-collection-768x512.jpeg 768w, https:\/\/www.microstore.app\/wp-content\/uploads\/2025\/08\/une-femme-est-debout-devant-une-table-en-bois-elle-trie-des-v-tements-issus-du-circuit-court-et-r-duit-en-gaspillage-pour-r-duire-l-empreinte-environnementale-de-sa-collection-1536x1025.jpeg 1536w\" sizes=\"(max-width: 2048px) 100vw, 2048px\" \/><\/figure>&#13;\n&#13;\n<p>Em vez de acrescentar uma dimens\u00e3o &#8220;verde&#8221; a um processo existente, uma marca de moda \u00e9tica tem de repensar o seu modelo de produ\u00e7\u00e3o desde o in\u00edcio. Isto significa integrar a conce\u00e7\u00e3o ecol\u00f3gica no centro do desenvolvimento do produto: limitar as etapas desnecess\u00e1rias, favorecer cadeias de abastecimento curtas e reduzir os res\u00edduos desde a fase de conce\u00e7\u00e3o. <\/p>&#13;\n&#13;\n<p>Significa tamb\u00e9m trabalhar com oficinas que partilham os teus valores em termos de condi\u00e7\u00f5es de trabalho e de transpar\u00eancia. Integrar processos de baixo impacto, automatizar a rastreabilidade e optar por m\u00e9todos de corte ou de montagem optimizados s\u00e3o formas pr\u00e1ticas de reduzir a pegada ambiental da tua cole\u00e7\u00e3o. <\/p>&#13;\n&#13;\n<h2 class=\"wp-block-heading\"><b>2. Seleciona mat\u00e9rias-primas virtuosas<\/b><\/h2>&#13;\n&#13;\n<figure class=\"wp-block-image size-large\"><img decoding=\"async\" width=\"2048\" height=\"1365\" class=\"wp-image-5867\" src=\"https:\/\/www.microstore.app\/wp-content\/uploads\/2025\/08\/branche-de-coton-biologique.jpeg\" alt=\"Ramo de algod&#xE3;o org&#xE2;nico.\" srcset=\"https:\/\/www.microstore.app\/wp-content\/uploads\/2025\/08\/branche-de-coton-biologique.jpeg 2048w, https:\/\/www.microstore.app\/wp-content\/uploads\/2025\/08\/branche-de-coton-biologique-300x200.jpeg 300w, https:\/\/www.microstore.app\/wp-content\/uploads\/2025\/08\/branche-de-coton-biologique-1024x683.jpeg 1024w, https:\/\/www.microstore.app\/wp-content\/uploads\/2025\/08\/branche-de-coton-biologique-768x512.jpeg 768w, https:\/\/www.microstore.app\/wp-content\/uploads\/2025\/08\/branche-de-coton-biologique-1536x1024.jpeg 1536w\" sizes=\"(max-width: 2048px) 100vw, 2048px\" \/><\/figure>&#13;\n&#13;\n<p>A escolha das mat\u00e9rias-primas \u00e9 tanto um ato estrat\u00e9gico como \u00e9tico. Para al\u00e9m da sua origem, \u00e9 necess\u00e1rio avaliar o seu impacto em todo o ciclo de vida do produto. As fibras naturais que consomem pouca \u00e1gua, os materiais derivados da reciclagem ou as inova\u00e7\u00f5es t\u00eaxteis baseadas em res\u00edduos vegetais (como o Pi\u00f1atex ou o couro de uva) s\u00e3o agora op\u00e7\u00f5es cred\u00edveis.  <\/p>&#13;\n&#13;\n<p>N\u00e3o te esque\u00e7as de verificar as certifica\u00e7\u00f5es (GOTS, OCS, GRS) para garantir a origem e as pr\u00e1ticas de processamento.<\/p>&#13;\n&#13;\n<p>Exemplos de materiais recomendados:<\/p>&#13;\n\r\n<ul class=\"wp-block-list\">&#13;\n<li><b>Algod\u00e3o org\u00e2nico<\/b>: cultivado sem OGM ou pesticidas, com um consumo reduzido de \u00e1gua.<\/li>&#13;\n\r\n\r\n&#13;\n<li><b>Tencel\u2122 (ou Lyocell)<\/b>: fibra produzida a partir de polpa de madeira proveniente de florestas geridas de forma sustent\u00e1vel, num circuito fechado.<\/li>&#13;\n\r\n\r\n&#13;\n<li><b>C\u00e2nhamo<\/b>: uma planta muito resistente que cresce sem fertilizantes nem rega excessiva, com um excelente rendimento.<\/li>&#13;\n\r\n\r\n&#13;\n<li><b>L\u00e3 reciclada<\/b>: evita a produ\u00e7\u00e3o de novas fibras e permite a reutiliza\u00e7\u00e3o de restos de t\u00eaxteis.<\/li>&#13;\n\r\n\r\n&#13;\n<li><b>Pi\u00f1atex<\/b>: um material inovador feito de fibras de anan\u00e1s, uma alternativa vegetal ao couro.<\/li>&#13;\n\r\n\r\n&#13;\n<li><b>Seaqual\u00ae<\/b>: t\u00eaxteis fabricados a partir de res\u00edduos de pl\u00e1stico recolhidos nos oceanos.<\/li>&#13;\n<\/ul>\r\n&#13;\n<p>Estes materiais combinam desempenho, empenho e originalidade para ajudar a tua marca a destacar-se da multid\u00e3o.<\/p>&#13;\n&#13;\n<p>Tamb\u00e9m podes optar por tecidos reciclados ou adormecidos, que te permitem criar sem produzir material novo.<\/p>&#13;\n&#13;\n<h2 class=\"wp-block-heading\"><b>3. Localiza a produ\u00e7\u00e3o para uma maior transpar\u00eancia<\/b><\/h2>&#13;\n&#13;\n<figure class=\"wp-block-image size-large\"><img decoding=\"async\" width=\"2048\" height=\"1367\" class=\"wp-image-5869\" src=\"https:\/\/www.microstore.app\/wp-content\/uploads\/2025\/08\/une-quipe-de-trois-femmes-produisent-localement-leurs-strat-gie-et-leurs-collections-de-mani-re-authentique.jpeg\" alt=\"Uma equipa de tr&#xEA;s mulheres produz as suas estrat&#xE9;gias e colec&#xE7;&#xF5;es localmente e de forma aut&#xEA;ntica.\" srcset=\"https:\/\/www.microstore.app\/wp-content\/uploads\/2025\/08\/une-quipe-de-trois-femmes-produisent-localement-leurs-strat-gie-et-leurs-collections-de-mani-re-authentique.jpeg 2048w, https:\/\/www.microstore.app\/wp-content\/uploads\/2025\/08\/une-quipe-de-trois-femmes-produisent-localement-leurs-strat-gie-et-leurs-collections-de-mani-re-authentique-300x200.jpeg 300w, https:\/\/www.microstore.app\/wp-content\/uploads\/2025\/08\/une-quipe-de-trois-femmes-produisent-localement-leurs-strat-gie-et-leurs-collections-de-mani-re-authentique-1024x684.jpeg 1024w, https:\/\/www.microstore.app\/wp-content\/uploads\/2025\/08\/une-quipe-de-trois-femmes-produisent-localement-leurs-strat-gie-et-leurs-collections-de-mani-re-authentique-768x513.jpeg 768w, https:\/\/www.microstore.app\/wp-content\/uploads\/2025\/08\/une-quipe-de-trois-femmes-produisent-localement-leurs-strat-gie-et-leurs-collections-de-mani-re-authentique-1536x1025.jpeg 1536w\" sizes=\"(max-width: 2048px) 100vw, 2048px\" \/><\/figure>&#13;\n&#13;\n<p>Produzir localmente ou utilizar canais de distribui\u00e7\u00e3o curtos n\u00e3o \u00e9 apenas uma quest\u00e3o de \u00e9tica: \u00e9 tamb\u00e9m uma vantagem log\u00edstica, de marketing e estrat\u00e9gica. Permite-nos acompanhar de perto as condi\u00e7\u00f5es de produ\u00e7\u00e3o, visitar oficinas, estabelecer rela\u00e7\u00f5es de confian\u00e7a duradouras com os fornecedores e reduzir os prazos de entrega. <\/p>&#13;\n&#13;\n<p>Ao trabalhar com ateliers sediados em Fran\u00e7a ou na Europa, est\u00e1 tamb\u00e9m a promover as compet\u00eancias tradicionais e a reduzir a pegada de carbono associada ao transporte. \u00c9 uma abordagem que est\u00e1 a conquistar cada vez mais consumidores, que procuram a rastreabilidade e a autenticidade. <\/p>&#13;\n&#13;\n<p><b>Um exemplo inspirador:<\/b> a marca <b>1083<\/b>, sediada em Romans-sur-Is\u00e8re, optou por produzir os seus jeans 100% em Fran\u00e7a. Promove cadeias de abastecimento curtas, deslocaliza o know-how t\u00eaxtil perdido e consegue combinar \u00e9tica, emprego local e rentabilidade. Outro exemplo \u00e9 <b>Les R\u00e9cup\u00e9rables<\/b>, que produz a partir de tecidos reciclados em oficinas de integra\u00e7\u00e3o social em Fran\u00e7a.  <\/p>&#13;\n&#13;\n<h2 class=\"wp-block-heading\"><b>4. Obt\u00e9m r\u00f3tulos e certifica\u00e7\u00f5es de marcas de moda respons\u00e1veis<\/b><\/h2>&#13;\n&#13;\n<figure class=\"wp-block-image size-large\"><img loading=\"lazy\" decoding=\"async\" width=\"2048\" height=\"1365\" class=\"wp-image-5877\" src=\"https:\/\/www.microstore.app\/wp-content\/uploads\/2025\/08\/tiquette-de-certification-oeko-tex-standard-100.jpeg\" alt=\"R&#xF3;tulo de certifica&#xE7;&#xE3;o Oeko-Tex&#xAE; Standard 100.\" srcset=\"https:\/\/www.microstore.app\/wp-content\/uploads\/2025\/08\/tiquette-de-certification-oeko-tex-standard-100.jpeg 2048w, https:\/\/www.microstore.app\/wp-content\/uploads\/2025\/08\/tiquette-de-certification-oeko-tex-standard-100-300x200.jpeg 300w, https:\/\/www.microstore.app\/wp-content\/uploads\/2025\/08\/tiquette-de-certification-oeko-tex-standard-100-1024x683.jpeg 1024w, https:\/\/www.microstore.app\/wp-content\/uploads\/2025\/08\/tiquette-de-certification-oeko-tex-standard-100-768x512.jpeg 768w, https:\/\/www.microstore.app\/wp-content\/uploads\/2025\/08\/tiquette-de-certification-oeko-tex-standard-100-1536x1024.jpeg 1536w\" sizes=\"(max-width: 2048px) 100vw, 2048px\" \/><\/figure>&#13;\n&#13;\n<p>As certifica\u00e7\u00f5es desempenham um papel essencial na credibilidade da tua abordagem \u00e9tica. Ajudam a estruturar a tua cadeia de valor e a criar confian\u00e7a junto dos teus clientes. Eis os principais r\u00f3tulos que deves conhecer:  <\/p>&#13;\n\r\n<ul class=\"wp-block-list\">&#13;\n<li><b>GOTS (Global Organic Textile Standard)<\/b>: norma internacional que garante o respeito de crit\u00e9rios ecol\u00f3gicos e sociais desde o fabrico at\u00e9 \u00e0 produ\u00e7\u00e3o final.<\/li>&#13;\n\r\n\r\n&#13;\n<li><b>R\u00f3tulo ecol\u00f3gico europeu<\/b>: r\u00f3tulo oficial da UE que avalia o impacto ambiental dos produtos ao longo do seu ciclo de vida.<\/li>&#13;\n\r\n\r\n&#13;\n<li><b>Ecocert Textile<\/b>: certifica\u00e7\u00e3o atribu\u00edda aos t\u00eaxteis que respeitam as normas ecol\u00f3gicas durante toda a sua produ\u00e7\u00e3o.<\/li>&#13;\n\r\n\r\n&#13;\n<li><b>Oeko-Tex\u00ae Standard 100<\/b>: garante que os t\u00eaxteis est\u00e3o isentos de subst\u00e2ncias nocivas para a sa\u00fade humana.<\/li>&#13;\n\r\n\r\n&#13;\n<li><b>Global Recycled Standard (GRS)<\/b>: certifica produtos fabricados a partir de materiais reciclados, com rastreabilidade.<\/li>&#13;\n<\/ul>\r\n&#13;\n<p>Nota: nem todas as etiquetas s\u00e3o iguais. Algumas n\u00e3o t\u00eam em conta todas as fases da produ\u00e7\u00e3o t\u00eaxtil. Estuda-as cuidadosamente para escolheres as que realmente reflectem os teus compromissos.  <\/p>&#13;\n&#13;\n<h2 class=\"wp-block-heading\"><b>5. Medir e reduzir a tua pegada de carbono<\/b><\/h2>&#13;\n&#13;\n<figure class=\"wp-block-image size-large\"><img loading=\"lazy\" decoding=\"async\" width=\"2048\" height=\"1351\" class=\"wp-image-5882\" src=\"https:\/\/www.microstore.app\/wp-content\/uploads\/2025\/08\/pile-de-v-tements-de-couleurs-diff-rentes-et-certifi-s-100-recycl-s.jpeg\" alt=\"Pilha de roupas de cores diferentes, certificadas e 100% recicladas.\" srcset=\"https:\/\/www.microstore.app\/wp-content\/uploads\/2025\/08\/pile-de-v-tements-de-couleurs-diff-rentes-et-certifi-s-100-recycl-s.jpeg 2048w, https:\/\/www.microstore.app\/wp-content\/uploads\/2025\/08\/pile-de-v-tements-de-couleurs-diff-rentes-et-certifi-s-100-recycl-s-300x198.jpeg 300w, https:\/\/www.microstore.app\/wp-content\/uploads\/2025\/08\/pile-de-v-tements-de-couleurs-diff-rentes-et-certifi-s-100-recycl-s-1024x676.jpeg 1024w, https:\/\/www.microstore.app\/wp-content\/uploads\/2025\/08\/pile-de-v-tements-de-couleurs-diff-rentes-et-certifi-s-100-recycl-s-768x507.jpeg 768w, https:\/\/www.microstore.app\/wp-content\/uploads\/2025\/08\/pile-de-v-tements-de-couleurs-diff-rentes-et-certifi-s-100-recycl-s-1536x1013.jpeg 1536w\" sizes=\"(max-width: 2048px) 100vw, 2048px\" \/><\/figure>&#13;\n&#13;\n<p>O primeiro passo para tornar a tua empresa mais ecol\u00f3gica \u00e9 compreender o seu impacto. A realiza\u00e7\u00e3o de uma <b>auditoria ao carbono<\/b> permitir-lhe-\u00e1 identificar as principais fontes de polui\u00e7\u00e3o (transportes, energia, materiais, log\u00edstica) e p\u00f4r em pr\u00e1tica ac\u00e7\u00f5es concretas. \u00c9 tamb\u00e9m um elemento-chave para tornar a tua abordagem mensur\u00e1vel e cred\u00edvel aos olhos do p\u00fablico.  <\/p>&#13;\n&#13;\n<p>Existem ferramentas gratuitas ou apoiadas para te ajudar neste processo. A incorpora\u00e7\u00e3o de objectivos de redu\u00e7\u00e3o de emiss\u00f5es tamb\u00e9m pode fazer parte do teu plano de crescimento. <\/p>&#13;\n&#13;\n<p>Ferramentas \u00fateis para come\u00e7ares a trabalhar :<\/p>&#13;\n\r\n<ul class=\"wp-block-list\">&#13;\n<li><b>ADEME &#8211; Bilans GES<\/b>: uma plataforma francesa gratuita para realizar a tua primeira auditoria de carbono (https:\/\/bilans-ges.ademe.fr\/).<\/li>&#13;\n\r\n\r\n&#13;\n<li><b>Carbonfact<\/b>: uma solu\u00e7\u00e3o dedicada \u00e0s marcas de moda para analisar o impacto ambiental de cada produto.<\/li>&#13;\n\r\n\r\n&#13;\n<li><b>Greenly<\/b>: ferramenta SaaS de contabiliza\u00e7\u00e3o do carbono, acess\u00edvel a pequenas organiza\u00e7\u00f5es.<\/li>&#13;\n\r\n\r\n&#13;\n<li><b>EcoImpact<\/b>: solu\u00e7\u00e3o de rotulagem ambiental desenvolvida para a moda e os t\u00eaxteis.<\/li>&#13;\n\r\n\r\n&#13;\n<li><b>Carbon 4 Finance<\/b>: para as marcas que pretendem integrar uma an\u00e1lise mais aprofundada da sua cadeia de abastecimento.<\/li>&#13;\n<\/ul>\r\n&#13;\n<p>Estas ferramentas permitir-te-\u00e3o transformar as tuas inten\u00e7\u00f5es ambientais num plano de a\u00e7\u00e3o estruturado e mensur\u00e1vel<\/p>&#13;\n&#13;\n<h2 class=\"wp-block-heading\"><b>6. Implementa uma comunica\u00e7\u00e3o transparente<\/b><\/h2>&#13;\n&#13;\n<figure class=\"wp-block-image size-large\"><img loading=\"lazy\" decoding=\"async\" width=\"2048\" height=\"1536\" class=\"wp-image-5887\" src=\"https:\/\/www.microstore.app\/wp-content\/uploads\/2025\/08\/une-femme-se-filme-avec-son-smartphone-elle-est-quip-e-d-une-ring-light-et-travaille-sur-une-communication-transparente-6.jpeg\" alt=\"Uma mulher filma-se a si pr&#xF3;pria com o seu smartphone, equipado com um anel luminoso e trabalhando numa comunica&#xE7;&#xE3;o transparente.\" srcset=\"https:\/\/www.microstore.app\/wp-content\/uploads\/2025\/08\/une-femme-se-filme-avec-son-smartphone-elle-est-quip-e-d-une-ring-light-et-travaille-sur-une-communication-transparente-6.jpeg 2048w, https:\/\/www.microstore.app\/wp-content\/uploads\/2025\/08\/une-femme-se-filme-avec-son-smartphone-elle-est-quip-e-d-une-ring-light-et-travaille-sur-une-communication-transparente-6-300x225.jpeg 300w, https:\/\/www.microstore.app\/wp-content\/uploads\/2025\/08\/une-femme-se-filme-avec-son-smartphone-elle-est-quip-e-d-une-ring-light-et-travaille-sur-une-communication-transparente-6-1024x768.jpeg 1024w, https:\/\/www.microstore.app\/wp-content\/uploads\/2025\/08\/une-femme-se-filme-avec-son-smartphone-elle-est-quip-e-d-une-ring-light-et-travaille-sur-une-communication-transparente-6-768x576.jpeg 768w, https:\/\/www.microstore.app\/wp-content\/uploads\/2025\/08\/une-femme-se-filme-avec-son-smartphone-elle-est-quip-e-d-une-ring-light-et-travaille-sur-une-communication-transparente-6-1536x1152.jpeg 1536w\" sizes=\"(max-width: 2048px) 100vw, 2048px\" \/><\/figure>&#13;\n&#13;\n<p>A imagem de marca desempenha um papel fundamental no sucesso do teu projeto. Os consumidores esperam que as marcas sejam claras, acess\u00edveis e sinceras. Conta a tua hist\u00f3ria, fala das tuas escolhas (materiais, parceiros, custos), explica os teus compromissos sem recorrer ao greenwashing.  <\/p>&#13;\n&#13;\n<p>Um conselho: utiliza uma variedade de formatos (v\u00eddeos, imagens de bastidores, entrevistas com artes\u00e3os, computa\u00e7\u00e3o gr\u00e1fica) para tornar a tua comunica\u00e7\u00e3o viva e educativa.<\/p>&#13;\n&#13;\n<h2 class=\"wp-block-heading\"><b>7. Criar uma oferta desej\u00e1vel e sustent\u00e1vel<\/b><\/h2>&#13;\n&#13;\n<figure class=\"wp-block-image size-large\"><img loading=\"lazy\" decoding=\"async\" width=\"2048\" height=\"1367\" class=\"wp-image-5888\" src=\"https:\/\/www.microstore.app\/wp-content\/uploads\/2025\/08\/un-homme-et-deux-femmes-se-tiennent-debout-autour-d-une-table-et-travaillent-sur-la-cr-ation-d-une-offre-d-sirable-durable-avec-long-vit-confort-unicit-et-impact-r-duit.jpeg\" alt=\"Um homem e duas mulheres sentam-se &#xE0; volta de uma mesa e trabalham na cria&#xE7;&#xE3;o de uma oferta desej&#xE1;vel e sustent&#xE1;vel com longevidade, conforto, singularidade e impacto reduzido.\" srcset=\"https:\/\/www.microstore.app\/wp-content\/uploads\/2025\/08\/un-homme-et-deux-femmes-se-tiennent-debout-autour-d-une-table-et-travaillent-sur-la-cr-ation-d-une-offre-d-sirable-durable-avec-long-vit-confort-unicit-et-impact-r-duit.jpeg 2048w, https:\/\/www.microstore.app\/wp-content\/uploads\/2025\/08\/un-homme-et-deux-femmes-se-tiennent-debout-autour-d-une-table-et-travaillent-sur-la-cr-ation-d-une-offre-d-sirable-durable-avec-long-vit-confort-unicit-et-impact-r-duit-300x200.jpeg 300w, https:\/\/www.microstore.app\/wp-content\/uploads\/2025\/08\/un-homme-et-deux-femmes-se-tiennent-debout-autour-d-une-table-et-travaillent-sur-la-cr-ation-d-une-offre-d-sirable-durable-avec-long-vit-confort-unicit-et-impact-r-duit-1024x684.jpeg 1024w, https:\/\/www.microstore.app\/wp-content\/uploads\/2025\/08\/un-homme-et-deux-femmes-se-tiennent-debout-autour-d-une-table-et-travaillent-sur-la-cr-ation-d-une-offre-d-sirable-durable-avec-long-vit-confort-unicit-et-impact-r-duit-768x513.jpeg 768w, https:\/\/www.microstore.app\/wp-content\/uploads\/2025\/08\/un-homme-et-deux-femmes-se-tiennent-debout-autour-d-une-table-et-travaillent-sur-la-cr-ation-d-une-offre-d-sirable-durable-avec-long-vit-confort-unicit-et-impact-r-duit-1536x1025.jpeg 1536w\" sizes=\"(max-width: 2048px) 100vw, 2048px\" \/><\/figure>&#13;\n&#13;\n<p>Criar uma marca empenhada n\u00e3o \u00e9 suficiente se o produto n\u00e3o for atrativo. O estilo, a forma, o conforto e a imagem s\u00e3o t\u00e3o importantes como os teus compromissos de RSE. Os consumidores querem comprar de forma respons\u00e1vel, mas n\u00e3o \u00e0 custa do design ou do car\u00e1cter pr\u00e1tico. Uma marca \u00e9tica deve, por conseguinte, combinar <b>compromissos fortes<\/b> com um <b>produto atrativo<\/b>.   <\/p>&#13;\n&#13;\n<p><b>Dados essenciais:<\/b> Em 2023, de acordo com um estudo da McKinsey, 70% dos consumidores europeus afirmam estar conscientes da moda sustent\u00e1vel, mas apenas 18% das suas compras prov\u00eam efetivamente de marcas \u00e9ticas. Isto mostra que n\u00e3o basta ser virtuoso: o teu produto deve tamb\u00e9m apelar, inspirar e levar as pessoas a sonhar. Por outras palavras, para que a \u00e9tica seja uma alavanca de compra, deve ser acompanhada de um desejo genu\u00edno pelo produto.  <\/p>&#13;\n&#13;\n<p>Isto tamb\u00e9m significa compreender o comportamento de compra atual: muitas pessoas continuam a comprar fast fashion por h\u00e1bito, pre\u00e7o ou conveni\u00eancia. Por isso, \u00e9 essencial adaptar a tua mensagem de marketing e real\u00e7ar os benef\u00edcios tang\u00edveis: <b>longevidade<\/b>, <b>conforto<\/b>, <b>exclusividade<\/b>, <b>impacto reduzido<\/b>. Trabalha o teu <b>storytelling<\/b>, utilizando <b>provas sociais<\/b> (cr\u00edticas de clientes, influenciadores, testes de produtos) para convencer as pessoas para al\u00e9m do c\u00edrculo militante.  <\/p>&#13;\n&#13;\n<p>Aqui est\u00e3o as marcas que conseguiram combinar \u00e9tica, design e praticidade<\/p>&#13;\n\r\n<ul class=\"wp-block-list\">&#13;\n<li><b>Veja<\/b>: mais de 3 milh\u00f5es de pares vendidos at\u00e9 2023, privilegiando a transpar\u00eancia e o design s\u00f3brio.<\/li>&#13;\n\r\n\r\n&#13;\n<li><b>Patagonia<\/b>: mais de 1,5 mil milh\u00f5es de d\u00f3lares em vendas at\u00e9 2022, com um compromisso pioneiro para com o ambiente.<\/li>&#13;\n\r\n\r\n&#13;\n<li><b>Loom<\/b>: uma marca francesa conhecida pela sua recusa em aceitar promo\u00e7\u00f5es e pelos seus elevados padr\u00f5es de qualidade.<\/li>&#13;\n<\/ul>\r\n&#13;\n<h2 class=\"wp-block-heading\"><b>8. Rodeia-te de e integra um ecossistema empenhado<\/b><\/h2>&#13;\n&#13;\n<figure class=\"wp-block-image size-large\"><img loading=\"lazy\" decoding=\"async\" width=\"2048\" height=\"1365\" class=\"wp-image-5897\" src=\"https:\/\/www.microstore.app\/wp-content\/uploads\/2025\/08\/une-pile-de-trois-v-tements-est-pos-e-sur-une-table-en-arri-re-plan-flout-un-dressing-avec-des-v-tements-eux-aussi-clairs-et-fabriqu-s-avec-des-mati-res-premi-res-de-qualit.jpeg\" alt=\"Uma pilha de tr&#xEA;s pe&#xE7;as de vestu&#xE1;rio est&#xE1; em cima de uma mesa. No fundo desfocado, um quarto de vestir com roupas igualmente brilhantes e feitas de mat&#xE9;rias-primas de qualidade. \" srcset=\"https:\/\/www.microstore.app\/wp-content\/uploads\/2025\/08\/une-pile-de-trois-v-tements-est-pos-e-sur-une-table-en-arri-re-plan-flout-un-dressing-avec-des-v-tements-eux-aussi-clairs-et-fabriqu-s-avec-des-mati-res-premi-res-de-qualit.jpeg 2048w, https:\/\/www.microstore.app\/wp-content\/uploads\/2025\/08\/une-pile-de-trois-v-tements-est-pos-e-sur-une-table-en-arri-re-plan-flout-un-dressing-avec-des-v-tements-eux-aussi-clairs-et-fabriqu-s-avec-des-mati-res-premi-res-de-qualit-300x200.jpeg 300w, https:\/\/www.microstore.app\/wp-content\/uploads\/2025\/08\/une-pile-de-trois-v-tements-est-pos-e-sur-une-table-en-arri-re-plan-flout-un-dressing-avec-des-v-tements-eux-aussi-clairs-et-fabriqu-s-avec-des-mati-res-premi-res-de-qualit-1024x683.jpeg 1024w, https:\/\/www.microstore.app\/wp-content\/uploads\/2025\/08\/une-pile-de-trois-v-tements-est-pos-e-sur-une-table-en-arri-re-plan-flout-un-dressing-avec-des-v-tements-eux-aussi-clairs-et-fabriqu-s-avec-des-mati-res-premi-res-de-qualit-768x512.jpeg 768w, https:\/\/www.microstore.app\/wp-content\/uploads\/2025\/08\/une-pile-de-trois-v-tements-est-pos-e-sur-une-table-en-arri-re-plan-flout-un-dressing-avec-des-v-tements-eux-aussi-clairs-et-fabriqu-s-avec-des-mati-res-premi-res-de-qualit-1536x1024.jpeg 1536w\" sizes=\"(max-width: 2048px) 100vw, 2048px\" \/><\/figure>&#13;\n&#13;\n<p>Podes faz\u00ea-lo sozinho, mas \u00e9 mais eficaz rodeares-te de outros. Participa em feiras (Impact, Neonyt, Made in France), junta-te a grupos (Fashion Green Hub, En Mode Climat) e utiliza ferramentas concebidas para profissionais da moda sustent\u00e1vel. <\/p>&#13;\n&#13;\n<h2 class=\"wp-block-heading\"><b>Conclus\u00e3o<\/b><\/h2>&#13;\n&#13;\n<p>Criar uma marca de roupa respons\u00e1vel exige vis\u00e3o, coragem e organiza\u00e7\u00e3o met\u00f3dica. N\u00e3o basta ter uma grande ideia: tens de colocar cada tijolo com coer\u00eancia, rigor e criatividade. <\/p>&#13;\n&#13;\n<p>Este guia vai ajudar-te a come\u00e7ar. Cabe-te a ti acrescentar a tua personalidade, a tua paix\u00e3o e o teu mundo. E, acima de tudo, n\u00e3o o fa\u00e7as sozinho. Ferramentas como a MicroStore, plataformas como a MyFashionWholesaler e solu\u00e7\u00f5es como a NanoShop est\u00e3o aqui para te ajudar a poupar tempo, evitar armadilhas e construir uma marca sustent\u00e1vel, no sentido mais lato do termo.   <\/p>&#13;\n&#13;\n<p><b>Liga\u00e7\u00f5es \u00fateis :<\/b><\/p>&#13;\n\r\n<ul class=\"wp-block-list\">&#13;\n<li><a href=\"https:\/\/www.myfashionwholesaler.com\/\">Encontrar fornecedores respons\u00e1veis<br\/><\/a><\/li>&#13;\n\r\n\r\n&#13;\n<li><a href=\"https:\/\/www.nanoshop.app\/\">Cria a tua loja online com a NanoShop<br\/><\/a><\/li>&#13;\n\r\n\r\n&#13;\n<li><a href=\"https:\/\/microstore.app\/\">Junta-te \u00e0 comunidade MicroStore<br\/><\/a><\/li>&#13;\n<\/ul>\r\n","protected":false},"excerpt":{"rendered":"<p>&#13; Lan\u00e7ar uma marca de moda \u00e9tica \u00e9 um projeto t\u00e3o ambicioso quanto significativo. Com consumidores cada vez mais sens\u00edveis \u00e0s quest\u00f5es ambientais e sociais, o mundo da moda sustent\u00e1vel oferece oportunidades reais para empres\u00e1rios vision\u00e1rios. &#13; &#13; A consci\u00eancia colectiva, a nova regulamenta\u00e7\u00e3o europeia e a emerg\u00eancia de uma gera\u00e7\u00e3o empenhada est\u00e3o a alterar [&hellip;]<\/p>\n","protected":false},"author":1,"featured_media":0,"comment_status":"open","ping_status":"open","sticky":false,"template":"","format":"standard","meta":{"footnotes":""},"categories":[59],"tags":[],"class_list":["post-6010","post","type-post","status-publish","format-standard","hentry","category-dicas"],"yoast_head":"<!-- This site is optimized with the Yoast SEO plugin v26.7 - https:\/\/yoast.com\/wordpress\/plugins\/seo\/ -->\n<title>Criar uma marca de moda \u00e9tica: um guia completo para come\u00e7ar<\/title>\n<meta name=\"description\" content=\"Sonhas em lan\u00e7ar uma marca de roupa respons\u00e1vel? Descobre o nosso guia passo a passo para criar uma marca de moda \u00e9tica rent\u00e1vel e empenhada.\" \/>\n<meta name=\"robots\" content=\"index, follow, max-snippet:-1, max-image-preview:large, max-video-preview:-1\" \/>\n<link rel=\"canonical\" href=\"https:\/\/www.microstore.app\/pt-pt\/criar-uma-marca-de-moda-etica-por-onde-comecar\/\" \/>\n<meta property=\"og:locale\" content=\"pt_PT\" \/>\n<meta property=\"og:type\" content=\"article\" \/>\n<meta property=\"og:title\" content=\"Criar uma marca de moda \u00e9tica: um guia completo para come\u00e7ar\" \/>\n<meta property=\"og:description\" content=\"Sonhas em lan\u00e7ar uma marca de roupa respons\u00e1vel? Descobre o nosso guia passo a passo para criar uma marca de moda \u00e9tica rent\u00e1vel e empenhada.\" \/>\n<meta property=\"og:url\" content=\"https:\/\/www.microstore.app\/pt-pt\/criar-uma-marca-de-moda-etica-por-onde-comecar\/\" \/>\n<meta property=\"og:site_name\" content=\"Microstore -\" \/>\n<meta property=\"article:published_time\" content=\"2025-08-22T16:59:21+00:00\" \/>\n<meta property=\"article:modified_time\" content=\"2025-08-25T17:43:58+00:00\" \/>\n<meta property=\"og:image\" content=\"https:\/\/www.microstore.app\/wp-content\/uploads\/2025\/08\/une-femme-est-debout-devant-une-table-en-bois-elle-trie-des-v-tements-issus-du-circuit-court-et-r-duit-en-gaspillage-pour-r-duire-l-empreinte-environnementale-de-sa-collection.jpeg\" \/>\n\t<meta property=\"og:image:width\" content=\"2048\" \/>\n\t<meta property=\"og:image:height\" content=\"1366\" \/>\n\t<meta property=\"og:image:type\" content=\"image\/jpeg\" \/>\n<meta name=\"author\" content=\"admin\" \/>\n<meta name=\"twitter:card\" content=\"summary_large_image\" \/>\n<meta name=\"twitter:label1\" content=\"Escrito por\" \/>\n\t<meta name=\"twitter:data1\" content=\"admin\" \/>\n\t<meta name=\"twitter:label2\" content=\"Tempo estimado de leitura\" \/>\n\t<meta name=\"twitter:data2\" content=\"8 minutos\" \/>\n<script type=\"application\/ld+json\" class=\"yoast-schema-graph\">{\"@context\":\"https:\/\/schema.org\",\"@graph\":[{\"@type\":\"Article\",\"@id\":\"https:\/\/www.microstore.app\/pt-pt\/criar-uma-marca-de-moda-etica-por-onde-comecar\/#article\",\"isPartOf\":{\"@id\":\"https:\/\/www.microstore.app\/pt-pt\/criar-uma-marca-de-moda-etica-por-onde-comecar\/\"},\"author\":{\"name\":\"admin\",\"@id\":\"https:\/\/www.microstore.app\/pt-pt\/#\/schema\/person\/598c4913ade13962ea1778a2d865b3bb\"},\"headline\":\"Criar uma marca de moda \u00e9tica: por onde come\u00e7ar?\",\"datePublished\":\"2025-08-22T16:59:21+00:00\",\"dateModified\":\"2025-08-25T17:43:58+00:00\",\"mainEntityOfPage\":{\"@id\":\"https:\/\/www.microstore.app\/pt-pt\/criar-uma-marca-de-moda-etica-por-onde-comecar\/\"},\"wordCount\":1653,\"commentCount\":0,\"publisher\":{\"@id\":\"https:\/\/www.microstore.app\/pt-pt\/#organization\"},\"image\":{\"@id\":\"https:\/\/www.microstore.app\/pt-pt\/criar-uma-marca-de-moda-etica-por-onde-comecar\/#primaryimage\"},\"thumbnailUrl\":\"https:\/\/www.microstore.app\/wp-content\/uploads\/2025\/08\/une-femme-est-debout-devant-une-table-en-bois-elle-trie-des-v-tements-issus-du-circuit-court-et-r-duit-en-gaspillage-pour-r-duire-l-empreinte-environnementale-de-sa-collection.jpeg\",\"articleSection\":[\"Dicas\"],\"inLanguage\":\"pt-PT\",\"potentialAction\":[{\"@type\":\"CommentAction\",\"name\":\"Comment\",\"target\":[\"https:\/\/www.microstore.app\/pt-pt\/criar-uma-marca-de-moda-etica-por-onde-comecar\/#respond\"]}]},{\"@type\":\"WebPage\",\"@id\":\"https:\/\/www.microstore.app\/pt-pt\/criar-uma-marca-de-moda-etica-por-onde-comecar\/\",\"url\":\"https:\/\/www.microstore.app\/pt-pt\/criar-uma-marca-de-moda-etica-por-onde-comecar\/\",\"name\":\"Criar uma marca de moda \u00e9tica: um guia completo para come\u00e7ar\",\"isPartOf\":{\"@id\":\"https:\/\/www.microstore.app\/pt-pt\/#website\"},\"primaryImageOfPage\":{\"@id\":\"https:\/\/www.microstore.app\/pt-pt\/criar-uma-marca-de-moda-etica-por-onde-comecar\/#primaryimage\"},\"image\":{\"@id\":\"https:\/\/www.microstore.app\/pt-pt\/criar-uma-marca-de-moda-etica-por-onde-comecar\/#primaryimage\"},\"thumbnailUrl\":\"https:\/\/www.microstore.app\/wp-content\/uploads\/2025\/08\/une-femme-est-debout-devant-une-table-en-bois-elle-trie-des-v-tements-issus-du-circuit-court-et-r-duit-en-gaspillage-pour-r-duire-l-empreinte-environnementale-de-sa-collection.jpeg\",\"datePublished\":\"2025-08-22T16:59:21+00:00\",\"dateModified\":\"2025-08-25T17:43:58+00:00\",\"description\":\"Sonhas em lan\u00e7ar uma marca de roupa respons\u00e1vel? Descobre o nosso guia passo a passo para criar uma marca de moda \u00e9tica rent\u00e1vel e empenhada.\",\"breadcrumb\":{\"@id\":\"https:\/\/www.microstore.app\/pt-pt\/criar-uma-marca-de-moda-etica-por-onde-comecar\/#breadcrumb\"},\"inLanguage\":\"pt-PT\",\"potentialAction\":[{\"@type\":\"ReadAction\",\"target\":[\"https:\/\/www.microstore.app\/pt-pt\/criar-uma-marca-de-moda-etica-por-onde-comecar\/\"]}]},{\"@type\":\"ImageObject\",\"inLanguage\":\"pt-PT\",\"@id\":\"https:\/\/www.microstore.app\/pt-pt\/criar-uma-marca-de-moda-etica-por-onde-comecar\/#primaryimage\",\"url\":\"https:\/\/www.microstore.app\/wp-content\/uploads\/2025\/08\/une-femme-est-debout-devant-une-table-en-bois-elle-trie-des-v-tements-issus-du-circuit-court-et-r-duit-en-gaspillage-pour-r-duire-l-empreinte-environnementale-de-sa-collection.jpeg\",\"contentUrl\":\"https:\/\/www.microstore.app\/wp-content\/uploads\/2025\/08\/une-femme-est-debout-devant-une-table-en-bois-elle-trie-des-v-tements-issus-du-circuit-court-et-r-duit-en-gaspillage-pour-r-duire-l-empreinte-environnementale-de-sa-collection.jpeg\"},{\"@type\":\"BreadcrumbList\",\"@id\":\"https:\/\/www.microstore.app\/pt-pt\/criar-uma-marca-de-moda-etica-por-onde-comecar\/#breadcrumb\",\"itemListElement\":[{\"@type\":\"ListItem\",\"position\":1,\"name\":\"Home\",\"item\":\"https:\/\/www.microstore.app\/pt-pt\/\"},{\"@type\":\"ListItem\",\"position\":2,\"name\":\"Criar uma marca de moda \u00e9tica: por onde come\u00e7ar?\"}]},{\"@type\":\"WebSite\",\"@id\":\"https:\/\/www.microstore.app\/pt-pt\/#website\",\"url\":\"https:\/\/www.microstore.app\/pt-pt\/\",\"name\":\"Microstore -\",\"description\":\"Meilleurs grossistes de v\u00eatements en ligne : T\u00e9l\u00e9chargez MicroStore.\",\"publisher\":{\"@id\":\"https:\/\/www.microstore.app\/pt-pt\/#organization\"},\"potentialAction\":[{\"@type\":\"SearchAction\",\"target\":{\"@type\":\"EntryPoint\",\"urlTemplate\":\"https:\/\/www.microstore.app\/pt-pt\/?s={search_term_string}\"},\"query-input\":{\"@type\":\"PropertyValueSpecification\",\"valueRequired\":true,\"valueName\":\"search_term_string\"}}],\"inLanguage\":\"pt-PT\"},{\"@type\":\"Organization\",\"@id\":\"https:\/\/www.microstore.app\/pt-pt\/#organization\",\"name\":\"Microstore -\",\"url\":\"https:\/\/www.microstore.app\/pt-pt\/\",\"logo\":{\"@type\":\"ImageObject\",\"inLanguage\":\"pt-PT\",\"@id\":\"https:\/\/www.microstore.app\/pt-pt\/#\/schema\/logo\/image\/\",\"url\":\"https:\/\/www.microstore.app\/wp-content\/uploads\/2023\/10\/microstore.webp\",\"contentUrl\":\"https:\/\/www.microstore.app\/wp-content\/uploads\/2023\/10\/microstore.webp\",\"width\":830,\"height\":118,\"caption\":\"Microstore -\"},\"image\":{\"@id\":\"https:\/\/www.microstore.app\/pt-pt\/#\/schema\/logo\/image\/\"}},{\"@type\":\"Person\",\"@id\":\"https:\/\/www.microstore.app\/pt-pt\/#\/schema\/person\/598c4913ade13962ea1778a2d865b3bb\",\"name\":\"admin\",\"sameAs\":[\"https:\/\/wp-micro-beta.neyber.tech\"]}]}<\/script>\n<!-- \/ Yoast SEO plugin. -->","yoast_head_json":{"title":"Criar uma marca de moda \u00e9tica: um guia completo para come\u00e7ar","description":"Sonhas em lan\u00e7ar uma marca de roupa respons\u00e1vel? Descobre o nosso guia passo a passo para criar uma marca de moda \u00e9tica rent\u00e1vel e empenhada.","robots":{"index":"index","follow":"follow","max-snippet":"max-snippet:-1","max-image-preview":"max-image-preview:large","max-video-preview":"max-video-preview:-1"},"canonical":"https:\/\/www.microstore.app\/pt-pt\/criar-uma-marca-de-moda-etica-por-onde-comecar\/","og_locale":"pt_PT","og_type":"article","og_title":"Criar uma marca de moda \u00e9tica: um guia completo para come\u00e7ar","og_description":"Sonhas em lan\u00e7ar uma marca de roupa respons\u00e1vel? Descobre o nosso guia passo a passo para criar uma marca de moda \u00e9tica rent\u00e1vel e empenhada.","og_url":"https:\/\/www.microstore.app\/pt-pt\/criar-uma-marca-de-moda-etica-por-onde-comecar\/","og_site_name":"Microstore -","article_published_time":"2025-08-22T16:59:21+00:00","article_modified_time":"2025-08-25T17:43:58+00:00","og_image":[{"width":2048,"height":1366,"url":"https:\/\/www.microstore.app\/wp-content\/uploads\/2025\/08\/une-femme-est-debout-devant-une-table-en-bois-elle-trie-des-v-tements-issus-du-circuit-court-et-r-duit-en-gaspillage-pour-r-duire-l-empreinte-environnementale-de-sa-collection.jpeg","type":"image\/jpeg"}],"author":"admin","twitter_card":"summary_large_image","twitter_misc":{"Escrito por":"admin","Tempo estimado de leitura":"8 minutos"},"schema":{"@context":"https:\/\/schema.org","@graph":[{"@type":"Article","@id":"https:\/\/www.microstore.app\/pt-pt\/criar-uma-marca-de-moda-etica-por-onde-comecar\/#article","isPartOf":{"@id":"https:\/\/www.microstore.app\/pt-pt\/criar-uma-marca-de-moda-etica-por-onde-comecar\/"},"author":{"name":"admin","@id":"https:\/\/www.microstore.app\/pt-pt\/#\/schema\/person\/598c4913ade13962ea1778a2d865b3bb"},"headline":"Criar uma marca de moda \u00e9tica: por onde come\u00e7ar?","datePublished":"2025-08-22T16:59:21+00:00","dateModified":"2025-08-25T17:43:58+00:00","mainEntityOfPage":{"@id":"https:\/\/www.microstore.app\/pt-pt\/criar-uma-marca-de-moda-etica-por-onde-comecar\/"},"wordCount":1653,"commentCount":0,"publisher":{"@id":"https:\/\/www.microstore.app\/pt-pt\/#organization"},"image":{"@id":"https:\/\/www.microstore.app\/pt-pt\/criar-uma-marca-de-moda-etica-por-onde-comecar\/#primaryimage"},"thumbnailUrl":"https:\/\/www.microstore.app\/wp-content\/uploads\/2025\/08\/une-femme-est-debout-devant-une-table-en-bois-elle-trie-des-v-tements-issus-du-circuit-court-et-r-duit-en-gaspillage-pour-r-duire-l-empreinte-environnementale-de-sa-collection.jpeg","articleSection":["Dicas"],"inLanguage":"pt-PT","potentialAction":[{"@type":"CommentAction","name":"Comment","target":["https:\/\/www.microstore.app\/pt-pt\/criar-uma-marca-de-moda-etica-por-onde-comecar\/#respond"]}]},{"@type":"WebPage","@id":"https:\/\/www.microstore.app\/pt-pt\/criar-uma-marca-de-moda-etica-por-onde-comecar\/","url":"https:\/\/www.microstore.app\/pt-pt\/criar-uma-marca-de-moda-etica-por-onde-comecar\/","name":"Criar uma marca de moda \u00e9tica: um guia completo para come\u00e7ar","isPartOf":{"@id":"https:\/\/www.microstore.app\/pt-pt\/#website"},"primaryImageOfPage":{"@id":"https:\/\/www.microstore.app\/pt-pt\/criar-uma-marca-de-moda-etica-por-onde-comecar\/#primaryimage"},"image":{"@id":"https:\/\/www.microstore.app\/pt-pt\/criar-uma-marca-de-moda-etica-por-onde-comecar\/#primaryimage"},"thumbnailUrl":"https:\/\/www.microstore.app\/wp-content\/uploads\/2025\/08\/une-femme-est-debout-devant-une-table-en-bois-elle-trie-des-v-tements-issus-du-circuit-court-et-r-duit-en-gaspillage-pour-r-duire-l-empreinte-environnementale-de-sa-collection.jpeg","datePublished":"2025-08-22T16:59:21+00:00","dateModified":"2025-08-25T17:43:58+00:00","description":"Sonhas em lan\u00e7ar uma marca de roupa respons\u00e1vel? Descobre o nosso guia passo a passo para criar uma marca de moda \u00e9tica rent\u00e1vel e empenhada.","breadcrumb":{"@id":"https:\/\/www.microstore.app\/pt-pt\/criar-uma-marca-de-moda-etica-por-onde-comecar\/#breadcrumb"},"inLanguage":"pt-PT","potentialAction":[{"@type":"ReadAction","target":["https:\/\/www.microstore.app\/pt-pt\/criar-uma-marca-de-moda-etica-por-onde-comecar\/"]}]},{"@type":"ImageObject","inLanguage":"pt-PT","@id":"https:\/\/www.microstore.app\/pt-pt\/criar-uma-marca-de-moda-etica-por-onde-comecar\/#primaryimage","url":"https:\/\/www.microstore.app\/wp-content\/uploads\/2025\/08\/une-femme-est-debout-devant-une-table-en-bois-elle-trie-des-v-tements-issus-du-circuit-court-et-r-duit-en-gaspillage-pour-r-duire-l-empreinte-environnementale-de-sa-collection.jpeg","contentUrl":"https:\/\/www.microstore.app\/wp-content\/uploads\/2025\/08\/une-femme-est-debout-devant-une-table-en-bois-elle-trie-des-v-tements-issus-du-circuit-court-et-r-duit-en-gaspillage-pour-r-duire-l-empreinte-environnementale-de-sa-collection.jpeg"},{"@type":"BreadcrumbList","@id":"https:\/\/www.microstore.app\/pt-pt\/criar-uma-marca-de-moda-etica-por-onde-comecar\/#breadcrumb","itemListElement":[{"@type":"ListItem","position":1,"name":"Home","item":"https:\/\/www.microstore.app\/pt-pt\/"},{"@type":"ListItem","position":2,"name":"Criar uma marca de moda \u00e9tica: por onde come\u00e7ar?"}]},{"@type":"WebSite","@id":"https:\/\/www.microstore.app\/pt-pt\/#website","url":"https:\/\/www.microstore.app\/pt-pt\/","name":"Microstore -","description":"Meilleurs grossistes de v\u00eatements en ligne : T\u00e9l\u00e9chargez MicroStore.","publisher":{"@id":"https:\/\/www.microstore.app\/pt-pt\/#organization"},"potentialAction":[{"@type":"SearchAction","target":{"@type":"EntryPoint","urlTemplate":"https:\/\/www.microstore.app\/pt-pt\/?s={search_term_string}"},"query-input":{"@type":"PropertyValueSpecification","valueRequired":true,"valueName":"search_term_string"}}],"inLanguage":"pt-PT"},{"@type":"Organization","@id":"https:\/\/www.microstore.app\/pt-pt\/#organization","name":"Microstore -","url":"https:\/\/www.microstore.app\/pt-pt\/","logo":{"@type":"ImageObject","inLanguage":"pt-PT","@id":"https:\/\/www.microstore.app\/pt-pt\/#\/schema\/logo\/image\/","url":"https:\/\/www.microstore.app\/wp-content\/uploads\/2023\/10\/microstore.webp","contentUrl":"https:\/\/www.microstore.app\/wp-content\/uploads\/2023\/10\/microstore.webp","width":830,"height":118,"caption":"Microstore -"},"image":{"@id":"https:\/\/www.microstore.app\/pt-pt\/#\/schema\/logo\/image\/"}},{"@type":"Person","@id":"https:\/\/www.microstore.app\/pt-pt\/#\/schema\/person\/598c4913ade13962ea1778a2d865b3bb","name":"admin","sameAs":["https:\/\/wp-micro-beta.neyber.tech"]}]}},"_links":{"self":[{"href":"https:\/\/www.microstore.app\/pt-pt\/wp-json\/wp\/v2\/posts\/6010","targetHints":{"allow":["GET"]}}],"collection":[{"href":"https:\/\/www.microstore.app\/pt-pt\/wp-json\/wp\/v2\/posts"}],"about":[{"href":"https:\/\/www.microstore.app\/pt-pt\/wp-json\/wp\/v2\/types\/post"}],"author":[{"embeddable":true,"href":"https:\/\/www.microstore.app\/pt-pt\/wp-json\/wp\/v2\/users\/1"}],"replies":[{"embeddable":true,"href":"https:\/\/www.microstore.app\/pt-pt\/wp-json\/wp\/v2\/comments?post=6010"}],"version-history":[{"count":1,"href":"https:\/\/www.microstore.app\/pt-pt\/wp-json\/wp\/v2\/posts\/6010\/revisions"}],"predecessor-version":[{"id":6013,"href":"https:\/\/www.microstore.app\/pt-pt\/wp-json\/wp\/v2\/posts\/6010\/revisions\/6013"}],"wp:attachment":[{"href":"https:\/\/www.microstore.app\/pt-pt\/wp-json\/wp\/v2\/media?parent=6010"}],"wp:term":[{"taxonomy":"category","embeddable":true,"href":"https:\/\/www.microstore.app\/pt-pt\/wp-json\/wp\/v2\/categories?post=6010"},{"taxonomy":"post_tag","embeddable":true,"href":"https:\/\/www.microstore.app\/pt-pt\/wp-json\/wp\/v2\/tags?post=6010"}],"curies":[{"name":"wp","href":"https:\/\/api.w.org\/{rel}","templated":true}]}}